{"id":55320,"date":"2022-05-22T19:33:21","date_gmt":"2022-05-22T22:33:21","guid":{"rendered":"https:\/\/www.centraldenoticias.com.ar\/?p=55320"},"modified":"2022-05-22T19:33:21","modified_gmt":"2022-05-22T22:33:21","slug":"came-registro-una-mejora-en-la-actividad-industrial-de-abril","status":"publish","type":"post","link":"https:\/\/cdnoticias.com\/index.php\/2022\/05\/22\/came-registro-una-mejora-en-la-actividad-industrial-de-abril\/","title":{"rendered":"CAME registr\u00f3 una mejora en la actividad industrial de abril"},"content":{"rendered":"<p>La industria pyme creci\u00f3 un 3,4% anual el mes pasado. Pero ese porcentaje significa una retracci\u00f3n en relaci\u00f3n a marzo. El rubro con mejor desempe\u00f1o fue \u201cproductos de metal, maquinarias, equipos y material de transporte\u201d.<!--more--><\/p>\n<hr \/>\n<p>La actividad de la <strong>industria pyme se increment\u00f3 un 3,4% en abril (a precios constantes) con respecto a igual mes del a\u00f1o anterior<\/strong>, aunque tuvo una retracci\u00f3n de 0,5% en la comparaci\u00f3n mensual (contra marzo).<\/p>\n<p>&nbsp;<\/p>\n<p>As\u00ed lo detall\u00f3 la <strong>Confederaci\u00f3n Argentina de la Mediana Empresa (CAME)<\/strong> a trav\u00e9s de un informe publicado durante este fin de semana. Seg\u00fan la organizaci\u00f3n, <strong>\u201cel uso de la capacidad instalada de las empresas de la muestra se ubic\u00f3 en 70,4%<\/strong>, 1,2 puntos porcentuales por debajo de marzo\u201d.<\/p>\n<p>&nbsp;<\/p>\n<p>En tanto, <strong>\u201clos pedidos de producci\u00f3n se mantuvieron\u201d<\/strong> en este \u00faltimo periodo, aunque \u201clas empresas tuvieron mayores dificultades que lo habitual para producir por las demoras entregas de materia prima\u201d.<\/p>\n<p>&nbsp;<\/p>\n<blockquote class=\"twitter-tweet\">\n<p dir=\"ltr\" lang=\"es\">\ud83c\udfed La producci\u00f3n de la industria manufacturera pyme creci\u00f3 en el mes de abril.<\/p>\n<p>\ud83d\udd17 Te invitamos a leer el informe completo ac\u00e1: <a href=\"https:\/\/t.co\/QJ26jfPld2\">https:\/\/t.co\/QJ26jfPld2<\/a> <a href=\"https:\/\/t.co\/clpvH4ZzNR\">pic.twitter.com\/clpvH4ZzNR<\/a><\/p>\n<p>\u2014 CAME (@redcame) <a href=\"https:\/\/twitter.com\/redcame\/status\/1528337020212465670?ref_src=twsrc%5Etfw\">May 22, 2022<\/a><\/p><\/blockquote>\n<p><script async src=\"https:\/\/platform.twitter.com\/widgets.js\" charset=\"utf-8\"><\/script><\/p>\n<p>&nbsp;<\/p>\n<blockquote><p>\u201cEn abril, la industria no tuvo problemas de demanda porque el mercado se mostr\u00f3 muy din\u00e1mico, pero s\u00ed problemas de producci\u00f3n por el encarecimiento y desabastecimiento de insumos\u201d, indic\u00f3 la CAME.<\/p><\/blockquote>\n<p>&nbsp;<\/p>\n<p>En este marco, <strong>el 62% de las industrias consultadas \u201cevalu\u00f3 la situaci\u00f3n actual de su empresa como buena o muy buena<\/strong>, 1,4 puntos por encima de marzo\u201d, mientras que \u201cel 61,0% de las empresas de la muestra trabajaron con utilidades positivas (versus 61,5% en marzo)\u201d.<\/p>\n<p>&nbsp;<\/p>\n<p>\u201cEn cuanto a las <strong>expectativas, para los pr\u00f3ximos 2 meses<\/strong> el 10% de las industrias espera que su producci\u00f3n aumente, el 5% que disminuya y el 85% que se mantenga sin cambios\u201d, indic\u00f3 la Confederaci\u00f3n.<\/p>\n<p>&nbsp;<\/p>\n<p>El <strong>relevamiento fue hecho por la CAME entre el 5 y el 17 de abril<\/strong> y abarc\u00f3 a unas 320 empresas procedentes de 22 provincias y de la ciudad de Buenos Aires (CABA).<\/p>\n<p>&nbsp;<\/p>\n<p><img data-recalc-dims=\"1\" loading=\"lazy\" decoding=\"async\" class=\"size-full wp-image-55321 aligncenter\" src=\"https:\/\/i0.wp.com\/cdnoticias.com\/wp-content\/uploads\/2022\/05\/CAME-indice-de-produccion-industrial-pyme.png?resize=706%2C422&#038;ssl=1\" alt=\"\" width=\"706\" height=\"422\" srcset=\"https:\/\/i0.wp.com\/cdnoticias.com\/wp-content\/uploads\/2022\/05\/CAME-indice-de-produccion-industrial-pyme.png?w=706&amp;ssl=1 706w, https:\/\/i0.wp.com\/cdnoticias.com\/wp-content\/uploads\/2022\/05\/CAME-indice-de-produccion-industrial-pyme.png?resize=300%2C179&amp;ssl=1 300w\" sizes=\"auto, (max-width: 706px) 100vw, 706px\" \/><\/p>\n<p>&nbsp;<\/p>\n<p><strong>Sector por sector<\/strong><\/p>\n<p>&nbsp;<\/p>\n<p><strong>Indumentaria y textil<\/strong>. Su producci\u00f3n subi\u00f3 \u201c4,3% anual en abril y baj\u00f3 9,3% en la comparaci\u00f3n mensual\u201d. \u201cLos pedidos de producci\u00f3n de ropa de invierno se mantuvieron firmes a lo largo del mes y el sector trabaj\u00f3 con el 75,8% de sus instalaciones, que son niveles relativamente elevados\u201d, se\u00f1al\u00f3 el informe.<\/p>\n<p>&nbsp;<\/p>\n<p><strong>Productos qu\u00edmicos y pl\u00e1sticos<\/strong>. Cay\u00f3 2,5% anual en abril y 14,4% en la medici\u00f3n mensual. \u201cEl uso de la capacidad instalada fue de 70,5%, 2,9 puntos porcentuales por debajo de marzo. Las empresas del sector consultadas coincidieron en que la demanda se est\u00e1 mostrando m\u00e1s incierta\u201d, se\u00f1alaron desde la CAME.<\/p>\n<p>&nbsp;<\/p>\n<p><strong>Papel, cart\u00f3n, edici\u00f3n e impresi\u00f3n<\/strong>. Decreci\u00f3 un 0,9% anual en abril y tambi\u00e9n un 0,9% mensual. En tanto, la Confederaci\u00f3n indic\u00f3 que \u201cel uso de la capacidad instalada subi\u00f3 0,8 puntos porcentuales, a 70,5%\u201d.<\/p>\n<p>&nbsp;<\/p>\n<p><strong>Alimentos y bebidas<\/strong>. Baj\u00f3 0,2% anual en abril y 5,5% mensual. \u201cSe trabaj\u00f3 con 68% de la capacidad instalada, 5,1 puntos menos que en marzo. El sector encontr\u00f3 mayores problemas para trasladar las subas de costos a precios porque la demanda no mantuvo la firmeza de meses anteriores\u201d, indic\u00f3 el informe.<\/p>\n<p>&nbsp;<\/p>\n<p><strong>Met\u00e1licos, maquinarias, equipos y material de transporte<\/strong>. La producci\u00f3n se increment\u00f3 un 11,6% anual en abril y 12,1% mensual. La CAME inform\u00f3: \u201cEn abril se trabaj\u00f3 con 69,8% de la capacidad instalada, 0,9 puntos porcentuales arriba de marzo. Seg\u00fan las empresas consultadas, la falta de insumos y de mano de obra especializada es lo que hoy impide aumentar m\u00e1s la producci\u00f3n, no la demanda en s\u00ed\u201d.<\/p>\n<p>&nbsp;<\/p>\n<p><strong>Maderas y muebles<\/strong>. La producci\u00f3n cay\u00f3 un 7,1% anual en abril y subi\u00f3 6,9% con respecto a marzo. \u201cLas empresas trabajaron con el 72,9% de sus instalaciones, 1 punto porcentual por encima de marzo\u201d, advirtieron desde la organizaci\u00f3n de empresas.<\/p>\n<p>&nbsp;<\/p>\n<p>Fuente: <em>Agencia DIB<\/em><\/p>\n","protected":false},"excerpt":{"rendered":"<p>La industria pyme creci\u00f3 un 3,4% anual el mes pasado. Pero ese porcentaje significa una retracci\u00f3n en relaci\u00f3n a marzo.<\/p>\n","protected":false},"author":4,"featured_media":55322,"comment_status":"closed","ping_status":"closed","sticky":false,"template":"","format":"standard","meta":{"_jetpack_memberships_contains_paid_content":false,"footnotes":""},"categories":[6],"tags":[],"class_list":["post-55320","post","type-post","status-publish","format-standard","has-post-thumbnail","hentry","category-nacionales"],"jetpack_featured_media_url":"https:\/\/i0.wp.com\/cdnoticias.com\/wp-content\/uploads\/2022\/05\/DIB-manufactura-industria-bebida.jpg?fit=1024%2C576&ssl=1","jetpack_sharing_enabled":true,"_links":{"self":[{"href":"https:\/\/cdnoticias.com\/index.php\/wp-json\/wp\/v2\/posts\/55320","targetHints":{"allow":["GET"]}}],"collection":[{"href":"https:\/\/cdnoticias.com\/index.php\/wp-json\/wp\/v2\/posts"}],"about":[{"href":"https:\/\/cdnoticias.com\/index.php\/wp-json\/wp\/v2\/types\/post"}],"author":[{"embeddable":true,"href":"https:\/\/cdnoticias.com\/index.php\/wp-json\/wp\/v2\/users\/4"}],"replies":[{"embeddable":true,"href":"https:\/\/cdnoticias.com\/index.php\/wp-json\/wp\/v2\/comments?post=55320"}],"version-history":[{"count":0,"href":"https:\/\/cdnoticias.com\/index.php\/wp-json\/wp\/v2\/posts\/55320\/revisions"}],"wp:featuredmedia":[{"embeddable":true,"href":"https:\/\/cdnoticias.com\/index.php\/wp-json\/wp\/v2\/media\/55322"}],"wp:attachment":[{"href":"https:\/\/cdnoticias.com\/index.php\/wp-json\/wp\/v2\/media?parent=55320"}],"wp:term":[{"taxonomy":"category","embeddable":true,"href":"https:\/\/cdnoticias.com\/index.php\/wp-json\/wp\/v2\/categories?post=55320"},{"taxonomy":"post_tag","embeddable":true,"href":"https:\/\/cdnoticias.com\/index.php\/wp-json\/wp\/v2\/tags?post=55320"}],"curies":[{"name":"wp","href":"https:\/\/api.w.org\/{rel}","templated":true}]}}