{"id":5531,"date":"2020-11-03T15:39:46","date_gmt":"2020-11-03T18:39:46","guid":{"rendered":"http:\/\/www.centraldenoticias.com.ar\/?p=5531"},"modified":"2020-11-03T15:39:46","modified_gmt":"2020-11-03T18:39:46","slug":"el-municipio-abrio-el-registro-de-empresas-extralocales","status":"publish","type":"post","link":"https:\/\/cdnoticias.com\/index.php\/2020\/11\/03\/el-municipio-abrio-el-registro-de-empresas-extralocales\/","title":{"rendered":"El municipio abri\u00f3 el \u201cRegistro de Empresas Extralocales\u201d"},"content":{"rendered":"<p>Seg\u00fan se explic\u00f3, es para firmas que no cuenten con sede administrativa o comercial pero operan en el partido. La intenci\u00f3n es sumarlas luego a una tasa municipal.<!--more--><\/p>\n<hr \/>\n<p>A trav\u00e9s del Decreto N\u00ba 2953\/20 el Gobierno Municipal estableci\u00f3 el \u201cRegistro\u00a0 Municipal\u00a0 de\u00a0 Empresas Extralocales\u201d, destinado a <strong>aquellas empresas que soliciten autorizaci\u00f3n para ingresar a realizar sus tareas al Partido de Olavarr\u00eda, que no cuenten con sede comercial o administrativa en el Partido, pero que de manera permanente o espor\u00e1dica desarrollen actividad econ\u00f3mica en el mismo.<\/strong><\/p>\n<p>&nbsp;<\/p>\n<p>De acuerdo con lo que se a\u00f1adi\u00f3, <strong>las empresas for\u00e1neas que cumplan con este requisito deber\u00e1n abonar una Tasa por Seguridad e Higiene o de Servicios Varios.<\/strong><\/p>\n<p>&nbsp;<\/p>\n<p>Seg\u00fan se enfatiz\u00f3 desde el Ejecutivo local, \u201ccon la creaci\u00f3n de la Tasa para empresas que no est\u00e1n radicadas en el Partido de Olavarr\u00eda se logra una igualdad de condiciones con las firmas locales\u201d. En ese sentido, se subray\u00f3 que <strong>\u201cesta era una hist\u00f3rica demanda del sector industrial local quien compet\u00eda de manera desigual con las empresas no radicadas en nuestro partido\u201d.<\/strong><\/p>\n<p>&nbsp;<\/p>\n<p>A la par, desde la Secretar\u00eda de Desarrollo Econ\u00f3mico indicaron que<strong> la tasa de Empresas Extralocales comenzar\u00e1 cobrarse desde el mes de noviembre del corriente a\u00f1o.<\/strong><\/p>\n<p>&nbsp;<\/p>\n<p>Por \u00faltimo, se asegur\u00f3 que la creaci\u00f3n de la tasa no hace m\u00e1s que <strong>\u201ccontinuar con el incentivo de contratar mano de obra local y generar m\u00e1s puestos de trabajo\u201d.<\/strong><\/p>\n","protected":false},"excerpt":{"rendered":"<p>Seg\u00fan se explic\u00f3, es para firmas que no cuenten con sede administrativa o comercial pero operan en el partido. La<\/p>\n","protected":false},"author":3,"featured_media":5532,"comment_status":"closed","ping_status":"closed","sticky":false,"template":"","format":"standard","meta":{"_jetpack_memberships_contains_paid_content":false,"footnotes":""},"categories":[5,1],"tags":[],"class_list":["post-5531","post","type-post","status-publish","format-standard","has-post-thumbnail","hentry","category-informacion-general","category-portada"],"jetpack_featured_media_url":"https:\/\/i0.wp.com\/cdnoticias.com\/wp-content\/uploads\/2020\/11\/lamali1.jpg?fit=1024%2C768&ssl=1","jetpack_sharing_enabled":true,"_links":{"self":[{"href":"https:\/\/cdnoticias.com\/index.php\/wp-json\/wp\/v2\/posts\/5531","targetHints":{"allow":["GET"]}}],"collection":[{"href":"https:\/\/cdnoticias.com\/index.php\/wp-json\/wp\/v2\/posts"}],"about":[{"href":"https:\/\/cdnoticias.com\/index.php\/wp-json\/wp\/v2\/types\/post"}],"author":[{"embeddable":true,"href":"https:\/\/cdnoticias.com\/index.php\/wp-json\/wp\/v2\/users\/3"}],"replies":[{"embeddable":true,"href":"https:\/\/cdnoticias.com\/index.php\/wp-json\/wp\/v2\/comments?post=5531"}],"version-history":[{"count":0,"href":"https:\/\/cdnoticias.com\/index.php\/wp-json\/wp\/v2\/posts\/5531\/revisions"}],"wp:featuredmedia":[{"embeddable":true,"href":"https:\/\/cdnoticias.com\/index.php\/wp-json\/wp\/v2\/media\/5532"}],"wp:attachment":[{"href":"https:\/\/cdnoticias.com\/index.php\/wp-json\/wp\/v2\/media?parent=5531"}],"wp:term":[{"taxonomy":"category","embeddable":true,"href":"https:\/\/cdnoticias.com\/index.php\/wp-json\/wp\/v2\/categories?post=5531"},{"taxonomy":"post_tag","embeddable":true,"href":"https:\/\/cdnoticias.com\/index.php\/wp-json\/wp\/v2\/tags?post=5531"}],"curies":[{"name":"wp","href":"https:\/\/api.w.org\/{rel}","templated":true}]}}