{"id":55298,"date":"2022-05-22T10:30:47","date_gmt":"2022-05-22T13:30:47","guid":{"rendered":"https:\/\/www.centraldenoticias.com.ar\/?p=55298"},"modified":"2022-05-22T10:30:47","modified_gmt":"2022-05-22T13:30:47","slug":"charla-sobre-ciber-seguridad-liderada-por-el-doctor-lucas-moyano","status":"publish","type":"post","link":"https:\/\/cdnoticias.com\/index.php\/2022\/05\/22\/charla-sobre-ciber-seguridad-liderada-por-el-doctor-lucas-moyano\/","title":{"rendered":"Charla sobre Ciber Seguridad liderada por el doctor Lucas Moyano"},"content":{"rendered":"<p>Se realiz\u00f3 en las instalaciones de la Sociedad de Fomento 4 de Octubre y fue destinada a referentes barriales. <!--more--><\/p>\n<hr \/>\n<p>&nbsp;<\/p>\n<p>En la tarde del \u00faltimo jueves las instalaciones de la Sociedad de Fomento 4 de Octubre fueron sede de una <strong>charla informativa sobre Ciber Seguridad, la cual fue liderada por el fiscal en Delitos Inform\u00e1ticos, el doctor Lucas Moyano<\/strong>, y que tuvo como <strong>destinatarios a referentes barriales<\/strong> de distintos puntos de la ciudad y el Partido de Olavarr\u00eda.<\/p>\n<p>&nbsp;<\/p>\n<p>La actividad fue impulsada por el <strong>subsecretario de Seguridad Mario Busto<\/strong>, quien adem\u00e1s tuvo participaci\u00f3n activa en el encuentro del cual tambi\u00e9n fue parte la directora del \u00e1rea de Relaciones con la Comunidad de la Municipalidad de Olavarr\u00eda, <strong>Laura Sequeira.<\/strong> A la par, tambi\u00e9n estuvo presente el <strong>titular de la SubDDI local, el comisario Fernando Lagano.<\/strong><\/p>\n<p>&nbsp;<\/p>\n<p>En la ocasi\u00f3n se avanz\u00f3 sobre<strong> diversas modalidades delictivas<\/strong> que se vienen reiterando, tales como<strong> secuestros virtuales, estafas o enga\u00f1os de los denominados como \u201ccuentos del t\u00edo\u201d e inclusive estafas mediante correo electr\u00f3nico y redes sociales, tales como Facebook y WhatsApp.<\/strong><\/p>\n<p>&nbsp;<\/p>\n<p>Se entreg\u00f3 adem\u00e1s folleter\u00eda, todo con el objetivo que los l\u00edderes barriales sean los replicadores de los consejos y medidas preventivas. Asimismo, trat\u00e1ndose que el doctor<strong> Lucas Moyano es tambi\u00e9n titular de la fiscal\u00eda en estupefacientes<\/strong>, se abord\u00f3 tambi\u00e9n la <strong>lucha contra el consumo y venta de drogas.<\/strong><\/p>\n<p>&nbsp;<\/p>\n<p>En su intervenci\u00f3n el subsecretario de Seguridad Mario Busto ahond\u00f3 en las tareas preventivas que se realizan desde el \u00e1rea. Por \u00faltimo, vale mencionar que d\u00edas atr\u00e1s el funcionario municipal tambi\u00e9n tom\u00f3 parte de una charla sobre seguridad vial y marco legal de la que tomaron parte alrededor de 400 alumnos de la Escuela Normal y que fue liderada por el comisario Iv\u00e1n Rodr\u00edguez y el asesor letrado de la Estaci\u00f3n de Polic\u00eda Departamental Olavarr\u00eda, Rub\u00e9n Aquila.<\/p>\n","protected":false},"excerpt":{"rendered":"<p>Se realiz\u00f3 en las instalaciones de la Sociedad de Fomento 4 de Octubre y fue destinada a referentes barriales.<\/p>\n","protected":false},"author":6,"featured_media":55299,"comment_status":"closed","ping_status":"closed","sticky":false,"template":"","format":"standard","meta":{"_jetpack_memberships_contains_paid_content":false,"footnotes":""},"categories":[5,1],"tags":[],"class_list":["post-55298","post","type-post","status-publish","format-standard","has-post-thumbnail","hentry","category-informacion-general","category-portada"],"jetpack_featured_media_url":"https:\/\/i0.wp.com\/cdnoticias.com\/wp-content\/uploads\/2022\/05\/Seguridad-Charla-Sociedad-Fomento-1024x682-1.jpg?fit=1024%2C682&ssl=1","jetpack_sharing_enabled":true,"_links":{"self":[{"href":"https:\/\/cdnoticias.com\/index.php\/wp-json\/wp\/v2\/posts\/55298","targetHints":{"allow":["GET"]}}],"collection":[{"href":"https:\/\/cdnoticias.com\/index.php\/wp-json\/wp\/v2\/posts"}],"about":[{"href":"https:\/\/cdnoticias.com\/index.php\/wp-json\/wp\/v2\/types\/post"}],"author":[{"embeddable":true,"href":"https:\/\/cdnoticias.com\/index.php\/wp-json\/wp\/v2\/users\/6"}],"replies":[{"embeddable":true,"href":"https:\/\/cdnoticias.com\/index.php\/wp-json\/wp\/v2\/comments?post=55298"}],"version-history":[{"count":0,"href":"https:\/\/cdnoticias.com\/index.php\/wp-json\/wp\/v2\/posts\/55298\/revisions"}],"wp:featuredmedia":[{"embeddable":true,"href":"https:\/\/cdnoticias.com\/index.php\/wp-json\/wp\/v2\/media\/55299"}],"wp:attachment":[{"href":"https:\/\/cdnoticias.com\/index.php\/wp-json\/wp\/v2\/media?parent=55298"}],"wp:term":[{"taxonomy":"category","embeddable":true,"href":"https:\/\/cdnoticias.com\/index.php\/wp-json\/wp\/v2\/categories?post=55298"},{"taxonomy":"post_tag","embeddable":true,"href":"https:\/\/cdnoticias.com\/index.php\/wp-json\/wp\/v2\/tags?post=55298"}],"curies":[{"name":"wp","href":"https:\/\/api.w.org\/{rel}","templated":true}]}}