{"id":55287,"date":"2022-05-22T09:24:15","date_gmt":"2022-05-22T12:24:15","guid":{"rendered":"https:\/\/www.centraldenoticias.com.ar\/?p=55287"},"modified":"2022-05-22T09:24:28","modified_gmt":"2022-05-22T12:24:28","slug":"nidia-emilce-rulli-de-humberto-pety-q-e-p-d","status":"publish","type":"post","link":"https:\/\/cdnoticias.com\/index.php\/2022\/05\/22\/nidia-emilce-rulli-de-humberto-pety-q-e-p-d\/","title":{"rendered":"Nidia Emilce Rulli de Humberto &#8220;Pety&#8221; (Q.E.P.D.)"},"content":{"rendered":"<p>Falleci\u00f3 en Olavarr\u00eda el d\u00eda 21 de mayo de 2022 a los 85 a\u00f1os. Su esposo: Carlos Omar Humberto. Sus hijos: Gustavo Omar y Carlos Fabian Humberto. Su hija pol\u00edtica: Bettina Turrina. Sus nietos: Nicol\u00e1s, Estefan\u00eda y Victoria; Santiago y Micaela. Su bisnieto: Martino. Sus sobrinos, sobrinos pol\u00edticos y dem\u00e1s deudos participan su fallecimiento.<\/p>\n<p>&nbsp;<\/p>\n<p>Velatorio: Espa\u00f1a 2942 Sala &#8220;C&#8221;. Responso: Capilla Ardiente. Inhumaci\u00f3n: Loma de Paz, domingo 22 de mayo a las 11:30. Servicio adherido a Coopelectric.<\/p>\n<p>Barrio en el que viv\u00eda: San Vicente.<\/p>\n<p>Lugar de nacimiento: General Lamadrid<\/p>\n<p>Actividad que desarrollaba: Jubilada<\/p>\n","protected":false},"excerpt":{"rendered":"<p>Falleci\u00f3 en Olavarr\u00eda el d\u00eda 21 de mayo de 2022 a los 85 a\u00f1os. Su esposo: Carlos Omar Humberto. Sus<\/p>\n","protected":false},"author":6,"featured_media":51544,"comment_status":"closed","ping_status":"closed","sticky":false,"template":"","format":"standard","meta":{"_jetpack_memberships_contains_paid_content":false,"footnotes":""},"categories":[10],"tags":[],"class_list":["post-55287","post","type-post","status-publish","format-standard","has-post-thumbnail","hentry","category-necrologicas"],"jetpack_featured_media_url":"https:\/\/i0.wp.com\/cdnoticias.com\/wp-content\/uploads\/2022\/04\/necrologicas-390-x-240.jpg?fit=390%2C240&ssl=1","jetpack_sharing_enabled":true,"_links":{"self":[{"href":"https:\/\/cdnoticias.com\/index.php\/wp-json\/wp\/v2\/posts\/55287","targetHints":{"allow":["GET"]}}],"collection":[{"href":"https:\/\/cdnoticias.com\/index.php\/wp-json\/wp\/v2\/posts"}],"about":[{"href":"https:\/\/cdnoticias.com\/index.php\/wp-json\/wp\/v2\/types\/post"}],"author":[{"embeddable":true,"href":"https:\/\/cdnoticias.com\/index.php\/wp-json\/wp\/v2\/users\/6"}],"replies":[{"embeddable":true,"href":"https:\/\/cdnoticias.com\/index.php\/wp-json\/wp\/v2\/comments?post=55287"}],"version-history":[{"count":0,"href":"https:\/\/cdnoticias.com\/index.php\/wp-json\/wp\/v2\/posts\/55287\/revisions"}],"wp:featuredmedia":[{"embeddable":true,"href":"https:\/\/cdnoticias.com\/index.php\/wp-json\/wp\/v2\/media\/51544"}],"wp:attachment":[{"href":"https:\/\/cdnoticias.com\/index.php\/wp-json\/wp\/v2\/media?parent=55287"}],"wp:term":[{"taxonomy":"category","embeddable":true,"href":"https:\/\/cdnoticias.com\/index.php\/wp-json\/wp\/v2\/categories?post=55287"},{"taxonomy":"post_tag","embeddable":true,"href":"https:\/\/cdnoticias.com\/index.php\/wp-json\/wp\/v2\/tags?post=55287"}],"curies":[{"name":"wp","href":"https:\/\/api.w.org\/{rel}","templated":true}]}}