{"id":55275,"date":"2022-05-21T18:41:47","date_gmt":"2022-05-21T21:41:47","guid":{"rendered":"https:\/\/www.centraldenoticias.com.ar\/?p=55275"},"modified":"2022-05-22T15:36:17","modified_gmt":"2022-05-22T18:36:17","slug":"juicio-la-huerta-diezmaron-familias-enteras-con-la-complicidad-de-los-sectores-de-poder","status":"publish","type":"post","link":"https:\/\/cdnoticias.com\/index.php\/2022\/05\/21\/juicio-la-huerta-diezmaron-familias-enteras-con-la-complicidad-de-los-sectores-de-poder\/","title":{"rendered":"Juicio \u201cLa huerta\u201d: \u201cDiezmaron familias enteras con la complicidad de los sectores de poder\u201d"},"content":{"rendered":"<p>Lesa humanidad en la regi\u00f3n centro bonaerense: durante la s\u00e9ptima audiencia realizada este viernes 20 de mayo, brindaron testimonio Mar\u00eda Cristina y Juan Jos\u00e9 Preckel. <!--more--><\/p>\n<hr \/>\n<p>*por Soledad Restivo. Agencia Comunica\/UNICEN<\/p>\n<p>&nbsp;<\/p>\n<p>Durante la<strong> s\u00e9ptima audiencia<\/strong> realizada este viernes 20 de mayo, <strong>brindaron testimonio Mar\u00eda Cristina y Juan Jos\u00e9 Preckel<\/strong>. <strong>Relataron los hechos acerca de su secuestro, desaparici\u00f3n, torturas y exilio.<\/strong><\/p>\n<p>&nbsp;<\/p>\n<p>El <strong>7 de julio de 1976 en Mar del Plata fueron secuestrados de su domicilio<\/strong>, de lo que detallaron la violencia ejercida en los procedimientos ilegales. Hombres de civil armados, allanaron su hogar<strong> \u201crompiendo todo\u201d<\/strong> mientras maltrataban a la familia.<\/p>\n<p>&nbsp;<\/p>\n<p><strong>Mar\u00eda Cristina era docente, militante de la Juventud Trabajadora Peronista<\/strong> y <strong>representante gremial<\/strong>. <strong>Juan Jos\u00e9 fue delegado gremial <\/strong>en la Direcci\u00f3n General Impositiva. El d\u00eda anterior a sus secuestros, hab\u00edan \u201cchupado\u201d a su pareja <strong>Nora Sammarone<\/strong>, quien fue detenida junto a <strong>Elba Clotilde Perrone<\/strong>. Mientras que <strong>Adolfo Romero<\/strong> fue secuestrado el 30 de mayo de 1976.\u00a0 Elba y Adolfo eran trabajadores del estado, en la DGI que actualmente se denomina AFIP.<\/p>\n<p>&nbsp;<\/p>\n<p><img data-recalc-dims=\"1\" loading=\"lazy\" decoding=\"async\" class=\"aligncenter wp-image-55276 size-large\" src=\"https:\/\/i0.wp.com\/cdnoticias.com\/wp-content\/uploads\/2022\/05\/WhatsApp-Image-2022-05-21-at-5.49.19-PM.jpeg?resize=800%2C450&#038;ssl=1\" alt=\"\" width=\"800\" height=\"450\" srcset=\"https:\/\/i0.wp.com\/cdnoticias.com\/wp-content\/uploads\/2022\/05\/WhatsApp-Image-2022-05-21-at-5.49.19-PM.jpeg?resize=1024%2C576&amp;ssl=1 1024w, https:\/\/i0.wp.com\/cdnoticias.com\/wp-content\/uploads\/2022\/05\/WhatsApp-Image-2022-05-21-at-5.49.19-PM.jpeg?resize=300%2C169&amp;ssl=1 300w, https:\/\/i0.wp.com\/cdnoticias.com\/wp-content\/uploads\/2022\/05\/WhatsApp-Image-2022-05-21-at-5.49.19-PM.jpeg?resize=768%2C432&amp;ssl=1 768w, https:\/\/i0.wp.com\/cdnoticias.com\/wp-content\/uploads\/2022\/05\/WhatsApp-Image-2022-05-21-at-5.49.19-PM.jpeg?w=1280&amp;ssl=1 1280w\" sizes=\"auto, (max-width: 800px) 100vw, 800px\" \/><\/p>\n<p>&nbsp;<\/p>\n<p><strong>Los Preckel<\/strong> fueron llevados a la Comisaria Regional 4\u00b0 de Mar del Plata, desde all\u00ed trasladados a la Comisar\u00eda 2\u00b0 de Tandil, donde <strong>permanecieron \u201cincomunicados\u201d,<\/strong> eufemismo utilizado por las fuerzas armadas para ocultar su condici\u00f3n de desaparecidos, ya que su familia segu\u00eda sin conocer su paradero. Desde all\u00ed, <strong>eran retirados con vendas en los ojos y esposados por personal del Ej\u00e9rcito<\/strong>. Los llevaban a otro lugar donde eran <strong>interrogados, mediante torturas, sobre sus actividades pol\u00edticas y sobre nombres de personas que pudieran conoce<\/strong>r.<\/p>\n<p>&nbsp;<\/p>\n<p><strong>Ambos estuvieron presentes durante la inspecci\u00f3n ocular al predio del centro clandestino de detenci\u00f3n (CCD) &#8220;La Huerta&#8221;<\/strong>, realizada el pasado 5 de mayo en Tandil. En la oportunidad pudieron reconocer las chapas de la casilla (ver foto) donde eran desnudados, atado de pies y manos a una cama de metal y torturados con picana el\u00e9ctrica. <strong>El d\u00eda 17 de agosto de 1976 fueron trasladados a la Unidad 7 de Azu<\/strong>l.<\/p>\n<p>&nbsp;<\/p>\n<p>Cristina, Nora y Elba, permanecieron all\u00ed hasta diciembre de 1977. Luego fueron trasladadas a la c\u00e1rcel en Devoto. Por su parte Juan Jos\u00e9 y Adolfo estuvieron en la Unidad 7 de Azul hasta diciembre de 1977.\u00a0 Fueron derivados a la unidad 2 de Sierra Chica. Y posteriormente, desde diciembre de 1978, fueron recluidos en la c\u00e1rcel de Olmos, La Plata. <strong>Las condiciones de detenci\u00f3n en los penales, a disposici\u00f3n del PEN (Poder Ejecutivo Nacional) fueron extremadamente inhumanas, con mala y escasa alimentaci\u00f3n y abrigo, sometidos a violencia psicol\u00f3gica permanente<\/strong>. Sus padres pidieron intervenci\u00f3n a Monse\u00f1or Marengo, obispo en Azul, y esto devino fuerte represalias contra los detenidos.<\/p>\n<p>&nbsp;<\/p>\n<p><img data-recalc-dims=\"1\" loading=\"lazy\" decoding=\"async\" class=\"aligncenter wp-image-55277 size-large\" src=\"https:\/\/i0.wp.com\/cdnoticias.com\/wp-content\/uploads\/2022\/05\/WhatsApp-Image-2022-05-21-at-5.49.20-PM.jpeg?resize=800%2C450&#038;ssl=1\" alt=\"\" width=\"800\" height=\"450\" srcset=\"https:\/\/i0.wp.com\/cdnoticias.com\/wp-content\/uploads\/2022\/05\/WhatsApp-Image-2022-05-21-at-5.49.20-PM.jpeg?resize=1024%2C576&amp;ssl=1 1024w, https:\/\/i0.wp.com\/cdnoticias.com\/wp-content\/uploads\/2022\/05\/WhatsApp-Image-2022-05-21-at-5.49.20-PM.jpeg?resize=300%2C169&amp;ssl=1 300w, https:\/\/i0.wp.com\/cdnoticias.com\/wp-content\/uploads\/2022\/05\/WhatsApp-Image-2022-05-21-at-5.49.20-PM.jpeg?resize=768%2C432&amp;ssl=1 768w, https:\/\/i0.wp.com\/cdnoticias.com\/wp-content\/uploads\/2022\/05\/WhatsApp-Image-2022-05-21-at-5.49.20-PM.jpeg?w=1280&amp;ssl=1 1280w\" sizes=\"auto, (max-width: 800px) 100vw, 800px\" \/><\/p>\n<p>&nbsp;<\/p>\n<p>Desde la c\u00e1rcel directo al aeropuerto, el 11 de julio de 1979, Mar\u00eda Cristina y Juan Jos\u00e9 <strong>partieron como exiliados hacia Alemania<\/strong>. Contaron tan solo algunos minutos para despedirse de sus familiares. Aunque fue la \u00fanica opci\u00f3n para salvaguardar sus vidas y recuperar libertad &#8211; una cultura distante, en soledad y frente a un idioma muy dif\u00edcil- se encontraron en \u201cpeor condici\u00f3n que la de los analfabetos\u201d. <strong>Regresaron al pa\u00eds algunos meses despu\u00e9s del retorno democr\u00e1tico.<\/strong><\/p>\n<p>&nbsp;<\/p>\n<p><strong>Carmen Susana Preckel, ten\u00eda 14 a\u00f1os cuando ocurrieron los hechos<\/strong>. En su testimonio dio cuenta del calvario familiar mientras intentaban conocer el paradero de sus hermanos. Su madre falleci\u00f3 3 meses despu\u00e9s que, tanto Cristina como Juan, volvieran de Alemania en 1985.<\/p>\n<p>&nbsp;<\/p>\n<p><img data-recalc-dims=\"1\" loading=\"lazy\" decoding=\"async\" class=\"aligncenter wp-image-55279 size-large\" src=\"https:\/\/i0.wp.com\/cdnoticias.com\/wp-content\/uploads\/2022\/05\/WhatsApp-Image-2022-05-21-at-5.49.27-PM.jpeg?resize=800%2C450&#038;ssl=1\" alt=\"\" width=\"800\" height=\"450\" srcset=\"https:\/\/i0.wp.com\/cdnoticias.com\/wp-content\/uploads\/2022\/05\/WhatsApp-Image-2022-05-21-at-5.49.27-PM.jpeg?resize=1024%2C576&amp;ssl=1 1024w, https:\/\/i0.wp.com\/cdnoticias.com\/wp-content\/uploads\/2022\/05\/WhatsApp-Image-2022-05-21-at-5.49.27-PM.jpeg?resize=300%2C169&amp;ssl=1 300w, https:\/\/i0.wp.com\/cdnoticias.com\/wp-content\/uploads\/2022\/05\/WhatsApp-Image-2022-05-21-at-5.49.27-PM.jpeg?resize=768%2C432&amp;ssl=1 768w, https:\/\/i0.wp.com\/cdnoticias.com\/wp-content\/uploads\/2022\/05\/WhatsApp-Image-2022-05-21-at-5.49.27-PM.jpeg?w=1280&amp;ssl=1 1280w\" sizes=\"auto, (max-width: 800px) 100vw, 800px\" \/><\/p>\n<p>&nbsp;<\/p>\n<p>Para cerrar su declaraci\u00f3n <strong>Juan ley\u00f3 la directiva secreta n\u00famero 604 de 1976, firmada por el general Roberto Viola<\/strong> y que <strong>estableci\u00f3 la<\/strong> <strong>\u201caniquilaci\u00f3n\u201d de las personas consideradas como \u201csubversivas\u201d.<\/strong> Textualmente establece:<\/p>\n<p>&nbsp;<\/p>\n<p><strong>\u201cAplicar el poder de combate con la m\u00e1xima violencia para aniquilar a los delincuentes subversivos donde se encuentren<\/strong>. La acci\u00f3n militar es siempre violenta y sangrienta. El delincuente subversivo que empu\u00f1e armas debe ser aniquilado sin aceptar rendici\u00f3n. El ataque se ejecutar\u00e1 mediante la ubicaci\u00f3n y aniquilamiento de los activistas subversivos. Las \u00f3rdenes deben aclarar si se detiene a todos o a algunos, si en caso de resistencia pasiva se los aniquila o se los detiene, si se destruyen bienes o se procura preservarlos. Los tiradores especiales podr\u00e1n ser empleados para batir cabecillas de turbas o muchedumbres\u201d.<\/p>\n<p>&nbsp;<\/p>\n<p>\u201cPod\u00edan matar a cualquiera en una manifestaci\u00f3n o panfleteada\u201d sentenci\u00f3 Juan Jos\u00e9 Preckel al concluir su declaraci\u00f3n testimonial. <strong>Cristina expres\u00f3 que<\/strong> <strong>\u201cmataron, secuestraron desaparecieron, diezmaron familias enteras con la complicidad civil<\/strong>\u2026y han tenido juicio justo con las garant\u00edas y defensores\u201d, por ello <strong>pidi\u00f3 \u201cMemoria, Verdad y Justicia\u201d.<\/strong><\/p>\n<p>&nbsp;<\/p>\n<p>El <strong>Juez Luis Im\u00e1s presidio la jornada de debate,<\/strong> por los<strong> delitos de lesa humanidad cometidos en nuestra regi\u00f3n durante la \u00faltima dictadura c\u00edvico militar<\/strong> eclesial, desde la sede del TOF en Mar del Plata. El resto de las partes se hicieron presentes mediante la plataforma zoom.<\/p>\n<p>&nbsp;<\/p>\n<p>La <strong>siguiente audiencia se realizar\u00e1 el pr\u00f3ximo 3 de junio desde las 9 horas.<\/strong> Ser\u00e1 retrasmitida en el Aula Magna de la Unicen Tandil y en el Centro de Investigaci\u00f3n y Posgrado de la Facultad de Derecho de la UNICEN, sito en calle Bol\u00edvar 481 de Azul.<\/p>\n<p>&nbsp;<\/p>\n","protected":false},"excerpt":{"rendered":"<p>Lesa humanidad en la regi\u00f3n centro bonaerense: durante la s\u00e9ptima audiencia realizada este viernes 20 de mayo, brindaron testimonio Mar\u00eda<\/p>\n","protected":false},"author":6,"featured_media":55278,"comment_status":"closed","ping_status":"closed","sticky":false,"template":"","format":"standard","meta":{"_jetpack_memberships_contains_paid_content":false,"footnotes":""},"categories":[14,1],"tags":[],"class_list":["post-55275","post","type-post","status-publish","format-standard","has-post-thumbnail","hentry","category-policiales","category-portada"],"jetpack_featured_media_url":"https:\/\/i0.wp.com\/cdnoticias.com\/wp-content\/uploads\/2022\/05\/WhatsApp-Image-2022-05-21-at-5.49.26-PM.jpeg?fit=1280%2C720&ssl=1","jetpack_sharing_enabled":true,"_links":{"self":[{"href":"https:\/\/cdnoticias.com\/index.php\/wp-json\/wp\/v2\/posts\/55275","targetHints":{"allow":["GET"]}}],"collection":[{"href":"https:\/\/cdnoticias.com\/index.php\/wp-json\/wp\/v2\/posts"}],"about":[{"href":"https:\/\/cdnoticias.com\/index.php\/wp-json\/wp\/v2\/types\/post"}],"author":[{"embeddable":true,"href":"https:\/\/cdnoticias.com\/index.php\/wp-json\/wp\/v2\/users\/6"}],"replies":[{"embeddable":true,"href":"https:\/\/cdnoticias.com\/index.php\/wp-json\/wp\/v2\/comments?post=55275"}],"version-history":[{"count":0,"href":"https:\/\/cdnoticias.com\/index.php\/wp-json\/wp\/v2\/posts\/55275\/revisions"}],"wp:featuredmedia":[{"embeddable":true,"href":"https:\/\/cdnoticias.com\/index.php\/wp-json\/wp\/v2\/media\/55278"}],"wp:attachment":[{"href":"https:\/\/cdnoticias.com\/index.php\/wp-json\/wp\/v2\/media?parent=55275"}],"wp:term":[{"taxonomy":"category","embeddable":true,"href":"https:\/\/cdnoticias.com\/index.php\/wp-json\/wp\/v2\/categories?post=55275"},{"taxonomy":"post_tag","embeddable":true,"href":"https:\/\/cdnoticias.com\/index.php\/wp-json\/wp\/v2\/tags?post=55275"}],"curies":[{"name":"wp","href":"https:\/\/api.w.org\/{rel}","templated":true}]}}