{"id":55270,"date":"2022-05-21T20:21:02","date_gmt":"2022-05-21T23:21:02","guid":{"rendered":"https:\/\/www.centraldenoticias.com.ar\/?p=55270"},"modified":"2022-05-21T20:21:02","modified_gmt":"2022-05-21T23:21:02","slug":"eduardo-rodriguez-y-los-concejales-del-foro-olavarria-fr-se-reunieron-con-malena-galmarini","status":"publish","type":"post","link":"https:\/\/cdnoticias.com\/index.php\/2022\/05\/21\/eduardo-rodriguez-y-los-concejales-del-foro-olavarria-fr-se-reunieron-con-malena-galmarini\/","title":{"rendered":"Eduardo Rodr\u00edguez y los Concejales del Foro Olavarr\u00eda FR se reunieron con Malena Galmarini"},"content":{"rendered":"<p>El encuentro tuvo lugar el viernes por la tarde, de manera virtual, para avanzar en la implementaci\u00f3n de pol\u00edticas p\u00fablicas del Gobierno Nacional en Olavarr\u00eda.<!--more--><\/p>\n<hr \/>\n<p>En la tarde del viernes, el referente del Frente Renovador local, <strong>Eduardo Rodr\u00edguez<\/strong>, y los concejales del Bloque Foro Olavarr\u00eda-FR,<strong> In\u00e9s Creimer y Gast\u00f3n Sarachu<\/strong>, participaron de una <strong>reuni\u00f3n encabezada por Malena Galmarini,<\/strong> en la que se abordaron distintas pol\u00edticas p\u00fablicas del Gobierno Nacional vinculadas al <strong>desarrollo social y deportes<\/strong> para concretar su bajada en Olavarr\u00eda.<\/p>\n<p>&nbsp;<\/p>\n<p>&#8220;La reuni\u00f3n, que se desarroll\u00f3 a trav\u00e9s de una <strong>plataforma digital<\/strong>, convoc\u00f3 a referentes y concejales del <strong>Frente Renovador de todo el pa\u00eds<\/strong> con la intenci\u00f3n de <strong>evacuar dudas sobre los programas<\/strong> y tambi\u00e9n hacer un acercamiento a un nuevo programa que se implementar\u00e1 en los pr\u00f3ximos d\u00edas&#8221; se indic\u00f3.<\/p>\n<p>&nbsp;<\/p>\n<p>Eduardo Rodr\u00edguez expres\u00f3 que <strong>&#8220;desde nuestro espacio<\/strong> <strong>haremos todo lo que est\u00e9 a nuestro alcance para que las pol\u00edticas p\u00fablicas de los Gobiernos Nacional y Provincial lleguen a los olavarrienses\u201d.<\/strong><\/p>\n<p>&nbsp;<\/p>\n<p>Rodr\u00edguez afirm\u00f3 que &#8220;estamos convencidos que ese es el camino, trabajando todos los d\u00edas en las demandas de nuestros vecinos, acercando soluciones a sus problemas\u201d.<\/p>\n<p>&nbsp;<\/p>\n<p>Del encuentro participaron adem\u00e1s la Secretaria de Abordaje Integral del Ministerio de Desarrollo Social de Naci\u00f3n, <strong>Micaela Ferraro, y Emiliano Gord\u00edn,<\/strong> quienes se pusieron a disposici\u00f3n de los referentes locales para facilitar la articulaci\u00f3n de los programas.<\/p>\n<p>&nbsp;<\/p>\n","protected":false},"excerpt":{"rendered":"<p>El encuentro tuvo lugar el viernes por la tarde, de manera virtual, para avanzar en la implementaci\u00f3n de pol\u00edticas p\u00fablicas<\/p>\n","protected":false},"author":6,"featured_media":55271,"comment_status":"closed","ping_status":"closed","sticky":false,"template":"","format":"standard","meta":{"_jetpack_memberships_contains_paid_content":false,"footnotes":""},"categories":[5,1],"tags":[],"class_list":["post-55270","post","type-post","status-publish","format-standard","has-post-thumbnail","hentry","category-informacion-general","category-portada"],"jetpack_featured_media_url":"https:\/\/i0.wp.com\/cdnoticias.com\/wp-content\/uploads\/2022\/05\/malenazoom.jpg?fit=800%2C462&ssl=1","jetpack_sharing_enabled":true,"_links":{"self":[{"href":"https:\/\/cdnoticias.com\/index.php\/wp-json\/wp\/v2\/posts\/55270","targetHints":{"allow":["GET"]}}],"collection":[{"href":"https:\/\/cdnoticias.com\/index.php\/wp-json\/wp\/v2\/posts"}],"about":[{"href":"https:\/\/cdnoticias.com\/index.php\/wp-json\/wp\/v2\/types\/post"}],"author":[{"embeddable":true,"href":"https:\/\/cdnoticias.com\/index.php\/wp-json\/wp\/v2\/users\/6"}],"replies":[{"embeddable":true,"href":"https:\/\/cdnoticias.com\/index.php\/wp-json\/wp\/v2\/comments?post=55270"}],"version-history":[{"count":0,"href":"https:\/\/cdnoticias.com\/index.php\/wp-json\/wp\/v2\/posts\/55270\/revisions"}],"wp:featuredmedia":[{"embeddable":true,"href":"https:\/\/cdnoticias.com\/index.php\/wp-json\/wp\/v2\/media\/55271"}],"wp:attachment":[{"href":"https:\/\/cdnoticias.com\/index.php\/wp-json\/wp\/v2\/media?parent=55270"}],"wp:term":[{"taxonomy":"category","embeddable":true,"href":"https:\/\/cdnoticias.com\/index.php\/wp-json\/wp\/v2\/categories?post=55270"},{"taxonomy":"post_tag","embeddable":true,"href":"https:\/\/cdnoticias.com\/index.php\/wp-json\/wp\/v2\/tags?post=55270"}],"curies":[{"name":"wp","href":"https:\/\/api.w.org\/{rel}","templated":true}]}}