{"id":5527,"date":"2020-11-03T13:37:18","date_gmt":"2020-11-03T16:37:18","guid":{"rendered":"http:\/\/www.centraldenoticias.com.ar\/?p=5527"},"modified":"2020-11-03T13:37:18","modified_gmt":"2020-11-03T16:37:18","slug":"se-oficializo-la-fase-4-para-olavarria","status":"publish","type":"post","link":"https:\/\/cdnoticias.com\/index.php\/2020\/11\/03\/se-oficializo-la-fase-4-para-olavarria\/","title":{"rendered":"Se oficializ\u00f3 la Fase 4 para Olavarr\u00eda"},"content":{"rendered":"<p>El jefe de Gabinete provincial, Carlos Bianco, inform\u00f3 en la ma\u00f1ana de este martes la ubicaci\u00f3n de los 135 municipios en el sistema de fases. Confirm\u00f3 el adelanto del intendente Ezequiel Galli.<!--more--><\/p>\n<hr \/>\n<p>El jefe de Gabinete, Carlos Bianco, present\u00f3 la situaci\u00f3n del esquema de fases de aislamiento y distanciamiento social, preventivo y obligatorio en el marco de la pandemia en la <a href=\"https:\/\/cdnoticias.com\/index.php\/2020\/11\/03\/covid-19-en-la-provincia-los-casos-tambien-bajan-en-el-interior\/\" target=\"_blank\" rel=\"noopener\">conferencia sobre la situaci\u00f3n sanitaria<\/a> bonaerense.<\/p>\n<p>Dio a conocer que <strong>45 municipios se encuentran en Fase 3, 76 en Fase 4 y 14 en Fase 5<\/strong>. Olavarr\u00eda avanz\u00f3 de Fase 3 a Fase 4 desde este martes, tal como <a href=\"https:\/\/cdnoticias.com\/index.php\/2020\/11\/02\/olavarria-avanza-a-fase-4-quienes-retoman-las-actividades\/\" target=\"_blank\" rel=\"noopener\">hab\u00eda adelantado<\/a> el jefe comunal Ezequiel Galli.<\/p>\n<blockquote><p>\u201cEn Fase 4 tenemos seis distritos que suben desde Fase 3 que son Capitan Sarmiento, Madariaga, Olavarr\u00eda, Pinamar, Tordillo y Saladillo. Cuando hubo un comienzo de brote se redujo la circulaci\u00f3n, se control\u00f3 el brote y ahora podemos estar en mejores condiciones\u201d plante\u00f3 el funcionario provincial.<\/p><\/blockquote>\n<p>Luego, Bianco record\u00f3 las nuevas actividades permitidas en los 35 distritos bonaerenses del AMBA y las habilitaciones en los distritos de Bah\u00eda Blanca, General Pueyrred\u00f3n, Pila, Roque P\u00e9rez y San Nicol\u00e1s, cuya situaci\u00f3n fue muy complicada hasta la semana anterior y ahora han mostrado mejoras.<\/p>\n<p><img data-recalc-dims=\"1\" loading=\"lazy\" decoding=\"async\" class=\"aligncenter wp-image-5529\" src=\"https:\/\/i0.wp.com\/cdnoticias.com\/wp-content\/uploads\/2020\/11\/conferencia-casos11.jpg?resize=500%2C282&#038;ssl=1\" alt=\"\" width=\"500\" height=\"282\" srcset=\"https:\/\/i0.wp.com\/cdnoticias.com\/wp-content\/uploads\/2020\/11\/conferencia-casos11.jpg?resize=300%2C169&amp;ssl=1 300w, https:\/\/i0.wp.com\/cdnoticias.com\/wp-content\/uploads\/2020\/11\/conferencia-casos11.jpg?resize=768%2C434&amp;ssl=1 768w, https:\/\/i0.wp.com\/cdnoticias.com\/wp-content\/uploads\/2020\/11\/conferencia-casos11.jpg?w=845&amp;ssl=1 845w\" sizes=\"auto, (max-width: 500px) 100vw, 500px\" \/><\/p>\n<p>En referencia al descenso de la cantidad de casos, Bianco se\u00f1al\u00f3 que la pandemia no ha terminado y que es necesario continuar con los cuidados, si bien<strong> \u201ctenemos una situaci\u00f3n bastante m\u00e1s holgada desde el punto de vista de los contagios y de la capacidad sanitaria, que hemos multiplicado\u201d<\/strong>.<\/p>\n<p>Asimismo, sostuvo que \u201csi siguen cayendo los casos, una posibilidad podr\u00e1 ser ir a futuro a un <strong>esquema de distanciamiento o bien seguir con la apertura puntual<\/strong> de algunas actividades\u201d, finaliz\u00f3.<\/p>\n","protected":false},"excerpt":{"rendered":"<p>El jefe de Gabinete provincial, Carlos Bianco, inform\u00f3 en la ma\u00f1ana de este martes la ubicaci\u00f3n de los 135 municipios<\/p>\n","protected":false},"author":4,"featured_media":5528,"comment_status":"closed","ping_status":"closed","sticky":false,"template":"","format":"standard","meta":{"_jetpack_memberships_contains_paid_content":false,"footnotes":""},"categories":[6,1],"tags":[],"class_list":["post-5527","post","type-post","status-publish","format-standard","has-post-thumbnail","hentry","category-nacionales","category-portada"],"jetpack_featured_media_url":"https:\/\/i0.wp.com\/cdnoticias.com\/wp-content\/uploads\/2020\/11\/conferencia-casos09.jpg?fit=1200%2C663&ssl=1","jetpack_sharing_enabled":true,"_links":{"self":[{"href":"https:\/\/cdnoticias.com\/index.php\/wp-json\/wp\/v2\/posts\/5527","targetHints":{"allow":["GET"]}}],"collection":[{"href":"https:\/\/cdnoticias.com\/index.php\/wp-json\/wp\/v2\/posts"}],"about":[{"href":"https:\/\/cdnoticias.com\/index.php\/wp-json\/wp\/v2\/types\/post"}],"author":[{"embeddable":true,"href":"https:\/\/cdnoticias.com\/index.php\/wp-json\/wp\/v2\/users\/4"}],"replies":[{"embeddable":true,"href":"https:\/\/cdnoticias.com\/index.php\/wp-json\/wp\/v2\/comments?post=5527"}],"version-history":[{"count":0,"href":"https:\/\/cdnoticias.com\/index.php\/wp-json\/wp\/v2\/posts\/5527\/revisions"}],"wp:featuredmedia":[{"embeddable":true,"href":"https:\/\/cdnoticias.com\/index.php\/wp-json\/wp\/v2\/media\/5528"}],"wp:attachment":[{"href":"https:\/\/cdnoticias.com\/index.php\/wp-json\/wp\/v2\/media?parent=5527"}],"wp:term":[{"taxonomy":"category","embeddable":true,"href":"https:\/\/cdnoticias.com\/index.php\/wp-json\/wp\/v2\/categories?post=5527"},{"taxonomy":"post_tag","embeddable":true,"href":"https:\/\/cdnoticias.com\/index.php\/wp-json\/wp\/v2\/tags?post=5527"}],"curies":[{"name":"wp","href":"https:\/\/api.w.org\/{rel}","templated":true}]}}