{"id":55258,"date":"2022-05-21T20:52:56","date_gmt":"2022-05-21T23:52:56","guid":{"rendered":"https:\/\/www.centraldenoticias.com.ar\/?p=55258"},"modified":"2022-05-21T20:52:56","modified_gmt":"2022-05-21T23:52:56","slug":"la-ucr-local-continua-con-la-recuperacion-del-comite-2","status":"publish","type":"post","link":"https:\/\/cdnoticias.com\/index.php\/2022\/05\/21\/la-ucr-local-continua-con-la-recuperacion-del-comite-2\/","title":{"rendered":"La UCR local contin\u00faa con la recuperaci\u00f3n del Comit\u00e9"},"content":{"rendered":"<p>Vender\u00e1n porciones de carbonada el pr\u00f3ximo 25 de mayo. La venta ser\u00e1 de forma anticipada. <!--more--><\/p>\n<hr \/>\n<p>&nbsp;<\/p>\n<p>La <strong>Uni\u00f3n C\u00edvica Radical local<\/strong> sigue trabajando en nuevas actividades para seguir<strong> avanzando en la reconstrucci\u00f3n de su sede<\/strong> partidaria en la calle 25 de Mayo.<\/p>\n<p>&nbsp;<\/p>\n<p>Es por ello que, al igual que cada a\u00f1o, <strong>vender\u00e1n porciones de carbonada el pr\u00f3ximo feriado del 25 de mayo.<\/strong><\/p>\n<p>&nbsp;<\/p>\n<p><img data-recalc-dims=\"1\" loading=\"lazy\" decoding=\"async\" class=\"aligncenter wp-image-55264 size-large\" src=\"https:\/\/i0.wp.com\/cdnoticias.com\/wp-content\/uploads\/2022\/05\/IMG_20210709_114741.jpg?resize=800%2C591&#038;ssl=1\" alt=\"\" width=\"800\" height=\"591\" srcset=\"https:\/\/i0.wp.com\/cdnoticias.com\/wp-content\/uploads\/2022\/05\/IMG_20210709_114741-scaled.jpg?resize=1024%2C757&amp;ssl=1 1024w, https:\/\/i0.wp.com\/cdnoticias.com\/wp-content\/uploads\/2022\/05\/IMG_20210709_114741-scaled.jpg?resize=300%2C222&amp;ssl=1 300w, https:\/\/i0.wp.com\/cdnoticias.com\/wp-content\/uploads\/2022\/05\/IMG_20210709_114741-scaled.jpg?resize=768%2C568&amp;ssl=1 768w, https:\/\/i0.wp.com\/cdnoticias.com\/wp-content\/uploads\/2022\/05\/IMG_20210709_114741-scaled.jpg?resize=1536%2C1135&amp;ssl=1 1536w, https:\/\/i0.wp.com\/cdnoticias.com\/wp-content\/uploads\/2022\/05\/IMG_20210709_114741-scaled.jpg?resize=2048%2C1513&amp;ssl=1 2048w, https:\/\/i0.wp.com\/cdnoticias.com\/wp-content\/uploads\/2022\/05\/IMG_20210709_114741-scaled.jpg?w=1600&amp;ssl=1 1600w, https:\/\/i0.wp.com\/cdnoticias.com\/wp-content\/uploads\/2022\/05\/IMG_20210709_114741-scaled.jpg?w=2400&amp;ssl=1 2400w\" sizes=\"auto, (max-width: 800px) 100vw, 800px\" \/><\/p>\n<p>&nbsp;<\/p>\n<p>&#8220;Desde el a\u00f1o <strong>2013, a\u00f1o en que sucedi\u00f3 el incendio,<\/strong> la conducci\u00f3n del radicalismo de nuestra ciudad se encuentra abocada a<strong> volver a poner en funcionamiento su sede de 25 de Mayo 2758,<\/strong> y con mucho esfuerzo han mostrado en los \u00faltimos a\u00f1os <strong>importantes avances en la obra.<\/strong> Las \u00faltimas gestiones del centenario partido lo han puesto c\u00f3mo prioritario, y de a poco van acerc\u00e1ndose a ese gran objetivo&#8221; se indic\u00f3.<\/p>\n<p>&nbsp;<\/p>\n<p><img data-recalc-dims=\"1\" loading=\"lazy\" decoding=\"async\" class=\"aligncenter wp-image-55263 size-large\" src=\"https:\/\/i0.wp.com\/cdnoticias.com\/wp-content\/uploads\/2022\/05\/IMG_20210709_120942.jpg?resize=800%2C584&#038;ssl=1\" alt=\"\" width=\"800\" height=\"584\" srcset=\"https:\/\/i0.wp.com\/cdnoticias.com\/wp-content\/uploads\/2022\/05\/IMG_20210709_120942-scaled.jpg?resize=1024%2C748&amp;ssl=1 1024w, https:\/\/i0.wp.com\/cdnoticias.com\/wp-content\/uploads\/2022\/05\/IMG_20210709_120942-scaled.jpg?resize=300%2C219&amp;ssl=1 300w, https:\/\/i0.wp.com\/cdnoticias.com\/wp-content\/uploads\/2022\/05\/IMG_20210709_120942-scaled.jpg?resize=768%2C561&amp;ssl=1 768w, https:\/\/i0.wp.com\/cdnoticias.com\/wp-content\/uploads\/2022\/05\/IMG_20210709_120942-scaled.jpg?resize=1536%2C1122&amp;ssl=1 1536w, https:\/\/i0.wp.com\/cdnoticias.com\/wp-content\/uploads\/2022\/05\/IMG_20210709_120942-scaled.jpg?resize=2048%2C1496&amp;ssl=1 2048w, https:\/\/i0.wp.com\/cdnoticias.com\/wp-content\/uploads\/2022\/05\/IMG_20210709_120942-scaled.jpg?w=1600&amp;ssl=1 1600w, https:\/\/i0.wp.com\/cdnoticias.com\/wp-content\/uploads\/2022\/05\/IMG_20210709_120942-scaled.jpg?w=2400&amp;ssl=1 2400w\" sizes=\"auto, (max-width: 800px) 100vw, 800px\" \/><\/p>\n<p>&nbsp;<\/p>\n<p>Desde la agrupaci\u00f3n se invit\u00f3 a afiliados y vecinos que quieran colaborar con la <strong>recuperaci\u00f3n de la sede radical en una nueva venta de carbonada, plato tradicional de nuestro pa\u00eds,<\/strong> aprovechando la fecha patria del 25 de mayo. La venta se realiza en forma anticipada al n\u00famero de tel\u00e9fono <strong>2284 516770. El valor de la porci\u00f3n es de $800.<\/strong><\/p>\n<p>&nbsp;<\/p>\n<p>El <strong>Presidente del Comit\u00e9 de la UCR<\/strong> de Olavarr\u00eda, <strong>Gonzalo Dolagaray,<\/strong> remarc\u00f3 \u201cinvitamos a la gente de Olavarr\u00eda a una nueva oportunidad para colaborar en la reconstrucci\u00f3n de nuestra casa.<strong> Esta reconstrucci\u00f3n la vamos haciendo con mucho esfuerzo, a pulm\u00f3n,<\/strong> y <strong>somos agradecidos del gran apoyo que tenemos en cada propuesta para recaudar fondo<\/strong>s\u201d.<\/p>\n<p>&nbsp;<\/p>\n<p>\u201cComo ya he dicho en otras oportunidades, que el Comit\u00e9 est\u00e9 nuevamente en funcionamiento<strong> es fundamental para la vida pol\u00edtica de nuestra ciudad.<\/strong> Hay una conducci\u00f3n partidaria convencida de que esto sea una realidad, y seguiremos trabajando fervientemente en el mismo sentido\u201d finaliz\u00f3.<\/p>\n<p>&nbsp;<\/p>\n<p><strong>\u00bfQu\u00e9 es la carbonada?<\/strong><\/p>\n<p>&nbsp;<\/p>\n<p><img data-recalc-dims=\"1\" loading=\"lazy\" decoding=\"async\" class=\"aligncenter wp-image-55261 size-full\" src=\"https:\/\/i0.wp.com\/cdnoticias.com\/wp-content\/uploads\/2022\/05\/carbonada-criolla-9463.jpeg?resize=600%2C356&#038;ssl=1\" alt=\"\" width=\"600\" height=\"356\" srcset=\"https:\/\/i0.wp.com\/cdnoticias.com\/wp-content\/uploads\/2022\/05\/carbonada-criolla-9463.jpeg?w=600&amp;ssl=1 600w, https:\/\/i0.wp.com\/cdnoticias.com\/wp-content\/uploads\/2022\/05\/carbonada-criolla-9463.jpeg?resize=300%2C178&amp;ssl=1 300w\" sizes=\"auto, (max-width: 600px) 100vw, 600px\" \/><\/p>\n<p>&nbsp;<\/p>\n<p>Seg\u00fan se conoce, es un plato proveniente de B\u00e9lgica, pero que tuvo un fuerte arraigo y popularidad en el noroeste de nuestro pa\u00eds, Bolivia y Chile. Se presenta como una <strong>alternativa al locro en fechas tradicionales argentinas<\/strong>. Sus principales ingredientes son: papa, choclo, carne, batata, calabaza, cebolla, morr\u00f3n, zanahoria, y orejones de durazno. Un plato ideal para hacer frente a las bajas temperaturas.<\/p>\n<p>&nbsp;<\/p>\n<p>&nbsp;<\/p>\n","protected":false},"excerpt":{"rendered":"<p>Vender\u00e1n porciones de carbonada el pr\u00f3ximo 25 de mayo. La venta ser\u00e1 de forma anticipada.<\/p>\n","protected":false},"author":6,"featured_media":55262,"comment_status":"closed","ping_status":"closed","sticky":false,"template":"","format":"standard","meta":{"_jetpack_memberships_contains_paid_content":false,"footnotes":""},"categories":[5,1],"tags":[],"class_list":["post-55258","post","type-post","status-publish","format-standard","has-post-thumbnail","hentry","category-informacion-general","category-portada"],"jetpack_featured_media_url":"https:\/\/i0.wp.com\/cdnoticias.com\/wp-content\/uploads\/2022\/05\/IMG_20210709_121012_cr-scaled.jpg?fit=2560%2C1801&ssl=1","jetpack_sharing_enabled":true,"_links":{"self":[{"href":"https:\/\/cdnoticias.com\/index.php\/wp-json\/wp\/v2\/posts\/55258","targetHints":{"allow":["GET"]}}],"collection":[{"href":"https:\/\/cdnoticias.com\/index.php\/wp-json\/wp\/v2\/posts"}],"about":[{"href":"https:\/\/cdnoticias.com\/index.php\/wp-json\/wp\/v2\/types\/post"}],"author":[{"embeddable":true,"href":"https:\/\/cdnoticias.com\/index.php\/wp-json\/wp\/v2\/users\/6"}],"replies":[{"embeddable":true,"href":"https:\/\/cdnoticias.com\/index.php\/wp-json\/wp\/v2\/comments?post=55258"}],"version-history":[{"count":0,"href":"https:\/\/cdnoticias.com\/index.php\/wp-json\/wp\/v2\/posts\/55258\/revisions"}],"wp:featuredmedia":[{"embeddable":true,"href":"https:\/\/cdnoticias.com\/index.php\/wp-json\/wp\/v2\/media\/55262"}],"wp:attachment":[{"href":"https:\/\/cdnoticias.com\/index.php\/wp-json\/wp\/v2\/media?parent=55258"}],"wp:term":[{"taxonomy":"category","embeddable":true,"href":"https:\/\/cdnoticias.com\/index.php\/wp-json\/wp\/v2\/categories?post=55258"},{"taxonomy":"post_tag","embeddable":true,"href":"https:\/\/cdnoticias.com\/index.php\/wp-json\/wp\/v2\/tags?post=55258"}],"curies":[{"name":"wp","href":"https:\/\/api.w.org\/{rel}","templated":true}]}}