{"id":55237,"date":"2022-05-21T15:12:02","date_gmt":"2022-05-21T18:12:02","guid":{"rendered":"https:\/\/www.centraldenoticias.com.ar\/?p=55237"},"modified":"2022-05-21T15:12:02","modified_gmt":"2022-05-21T18:12:02","slug":"el-pj-de-la-septima-cruzo-al-chino-navarro-rechazamos-cualquier-intento-de-desprestigio","status":"publish","type":"post","link":"https:\/\/cdnoticias.com\/index.php\/2022\/05\/21\/el-pj-de-la-septima-cruzo-al-chino-navarro-rechazamos-cualquier-intento-de-desprestigio\/","title":{"rendered":"El PJ de la S\u00e9ptima cruz\u00f3 al Chino Navarro: \u201crechazamos cualquier intento de desprestigio\u201d"},"content":{"rendered":"<p>\u201cChinchu\u201d Gasparini lo llam\u00f3 \u201cegresado del Partido Intransigente\u201d. El comunicado que tambi\u00e9n firman Federico Aguilera, Guillermo Santell\u00e1n, Liliana Schwindt y C\u00e9sar Valicenti.<!--more--><\/p>\n<hr \/>\n<p>La interna en el Frente de Todos no da tregua. D\u00edas atr\u00e1s el secretario de Relaciones Parlamentarias,<strong> Fernando \u201cChino\u201d Navarro<\/strong>, funcionario de confianza de Alberto Fern\u00e1ndez y dirigente del Movimiento Evita, <strong>asegur\u00f3 que \u201cla mitad de los afiliados al Partido Justicialista (PJ) son truchas\u201d<\/strong>.<\/p>\n<p>&nbsp;<\/p>\n<blockquote><p>A esos dichos sali\u00f3 a responderle con dureza Juan \u201cChinchu\u201d Gasparini, ex intendente de Roque P\u00e9rez y asesor del Gobierno bonaerense: \u201cNo podemos permitir que un egresado del Partido Intransigente quiera cuestionar al Partido Justicialista y mucho menos desprestigiar a la militancia de nuestras unidades b\u00e1sicas\u201d, dispar\u00f3 en referencia a Navarro, que fuera concejal por el PI de Oscar Allende en Lomas de Zamora en los \u201980.<\/p><\/blockquote>\n<p>&nbsp;<\/p>\n<p>Gasparini dijo estas palabras en su cuenta de Twitter y <strong>sum\u00f3 el comunicado del PJ de la S\u00e9ptima<\/strong>. Ese texto afirma que <strong>\u201crechazamos cualquier intento de desprestigio a la militancia y cuestionamientos a la estructura partidaria<\/strong> que no representan ning\u00fan aporte al movimiento. El Partido Justicialista es un \u00e1mbito que re\u00fane a numerosos militantes que no solamente son afiliados y afiliadas sino que se sienten parte de un gran movimiento, con responsabilidad en las unidades b\u00e1sicas de cada uno de nuestros distritos, como tambi\u00e9n en distintas agrupaciones y organizaciones\u201d.<\/p>\n<p>&nbsp;<\/p>\n<p><img data-recalc-dims=\"1\" loading=\"lazy\" decoding=\"async\" class=\"alignnone wp-image-55239\" src=\"https:\/\/i0.wp.com\/cdnoticias.com\/wp-content\/uploads\/2022\/05\/WhatsApp-Image-2022-05-20-at-3.15.24-PM.jpeg?resize=350%2C438&#038;ssl=1\" alt=\"\" width=\"350\" height=\"438\" srcset=\"https:\/\/i0.wp.com\/cdnoticias.com\/wp-content\/uploads\/2022\/05\/WhatsApp-Image-2022-05-20-at-3.15.24-PM.jpeg?resize=819%2C1024&amp;ssl=1 819w, https:\/\/i0.wp.com\/cdnoticias.com\/wp-content\/uploads\/2022\/05\/WhatsApp-Image-2022-05-20-at-3.15.24-PM.jpeg?resize=240%2C300&amp;ssl=1 240w, https:\/\/i0.wp.com\/cdnoticias.com\/wp-content\/uploads\/2022\/05\/WhatsApp-Image-2022-05-20-at-3.15.24-PM.jpeg?resize=768%2C960&amp;ssl=1 768w, https:\/\/i0.wp.com\/cdnoticias.com\/wp-content\/uploads\/2022\/05\/WhatsApp-Image-2022-05-20-at-3.15.24-PM.jpeg?w=1024&amp;ssl=1 1024w\" sizes=\"auto, (max-width: 350px) 100vw, 350px\" \/><img data-recalc-dims=\"1\" loading=\"lazy\" decoding=\"async\" class=\"alignnone wp-image-55240\" src=\"https:\/\/i0.wp.com\/cdnoticias.com\/wp-content\/uploads\/2022\/05\/WhatsApp-Image-2022-05-20-at-3.15.20-PM.jpeg?resize=350%2C438&#038;ssl=1\" alt=\"\" width=\"350\" height=\"438\" srcset=\"https:\/\/i0.wp.com\/cdnoticias.com\/wp-content\/uploads\/2022\/05\/WhatsApp-Image-2022-05-20-at-3.15.20-PM.jpeg?resize=819%2C1024&amp;ssl=1 819w, https:\/\/i0.wp.com\/cdnoticias.com\/wp-content\/uploads\/2022\/05\/WhatsApp-Image-2022-05-20-at-3.15.20-PM.jpeg?resize=240%2C300&amp;ssl=1 240w, https:\/\/i0.wp.com\/cdnoticias.com\/wp-content\/uploads\/2022\/05\/WhatsApp-Image-2022-05-20-at-3.15.20-PM.jpeg?resize=768%2C960&amp;ssl=1 768w, https:\/\/i0.wp.com\/cdnoticias.com\/wp-content\/uploads\/2022\/05\/WhatsApp-Image-2022-05-20-at-3.15.20-PM.jpeg?w=1024&amp;ssl=1 1024w\" sizes=\"auto, (max-width: 350px) 100vw, 350px\" \/><\/p>\n<p>&nbsp;<\/p>\n<p>Contin\u00faa:<strong> \u201cEntendemos al Partido Justicialista como la estructura pol\u00edtica encargada de transmitir la doctrina peronista<\/strong> representada en los estandartes de la Soberan\u00eda Pol\u00edtica, la Independencia Econ\u00f3mica y la Justicia Social. Con el fuerte compromiso de llevar en alto cada una de las banderas de nuestro movimiento, creemos en la importancia de la construcci\u00f3n de un PJ movilizado y representativo de la doctrina como lo expresa nuestro presidente del PJ Bonaerense, M\u00e1ximo Kirchner\u201d.<\/p>\n<p>&nbsp;<\/p>\n<p>\u201cEl justicialismo entiende que su funci\u00f3n pol\u00edtica es la de <strong>elevar las demandas populares en af\u00e1n de convertirlas en acciones concretas de Gobierno<\/strong>. En ese camino que nos marc\u00f3 la doctrina de Juan Domingo Per\u00f3n es que trabajamos en la representaci\u00f3n de las reivindicaciones hist\u00f3ricas de nuestro Pueblo\u201d, aseguraron.\u00a0\u201cEstamos orgullosos de pertenecer al Partido Justicialista, desde donde trabajamos cada d\u00eda de nuestras vidas con lealtad, compromiso y unidad en busca de la Justicia Social y la felicidad de nuestro Pueblo\u201d, finaliza el comunicado.<\/p>\n<p>&nbsp;<\/p>\n<p>El texto est\u00e1 firmado por m\u00e1s <strong>referentes peronistas de la s\u00e9ptima secci\u00f3n<\/strong>. As\u00ed, aparecen adem\u00e1s de Gasparini (Roque P\u00e9rez), Gustavo Cocconi (Tapalqu\u00e9), Hern\u00e1n Ralinqueo (25 de Mayo), Marcos Pisano (Bol\u00edvar), <strong>Federico Aguilera<\/strong> (Olavarr\u00eda), Nelson Sombra (Azul), Bernab\u00e9 Leinenn (General Alvear) y Danilo Mengarelli (Saladillo), todos ellos presidentes del PJ en sus respectivos distritos. Tambi\u00e9n rubrican Laura Aloisi, <strong>Guillermo Santell\u00e1n y Liliana Schwindt<\/strong>, como consejeros seccionales, y el diputado provincial <strong>C\u00e9sar Valicenti<\/strong>.<\/p>\n<p>&nbsp;<\/p>\n<p>Fuente: <em>Agencia DIB<\/em><\/p>\n","protected":false},"excerpt":{"rendered":"<p>\u201cChinchu\u201d Gasparini lo llam\u00f3 \u201cegresado del Partido Intransigente\u201d. El comunicado que tambi\u00e9n firman Federico Aguilera, Guillermo Santell\u00e1n, Liliana Schwindt y<\/p>\n","protected":false},"author":4,"featured_media":55238,"comment_status":"closed","ping_status":"closed","sticky":false,"template":"","format":"standard","meta":{"_jetpack_memberships_contains_paid_content":false,"footnotes":""},"categories":[4,1],"tags":[],"class_list":["post-55237","post","type-post","status-publish","format-standard","has-post-thumbnail","hentry","category-politica","category-portada"],"jetpack_featured_media_url":"https:\/\/i0.wp.com\/cdnoticias.com\/wp-content\/uploads\/2022\/05\/DIB-chinchu-gasparini-1024x609-1.jpg?fit=1024%2C609&ssl=1","jetpack_sharing_enabled":true,"_links":{"self":[{"href":"https:\/\/cdnoticias.com\/index.php\/wp-json\/wp\/v2\/posts\/55237","targetHints":{"allow":["GET"]}}],"collection":[{"href":"https:\/\/cdnoticias.com\/index.php\/wp-json\/wp\/v2\/posts"}],"about":[{"href":"https:\/\/cdnoticias.com\/index.php\/wp-json\/wp\/v2\/types\/post"}],"author":[{"embeddable":true,"href":"https:\/\/cdnoticias.com\/index.php\/wp-json\/wp\/v2\/users\/4"}],"replies":[{"embeddable":true,"href":"https:\/\/cdnoticias.com\/index.php\/wp-json\/wp\/v2\/comments?post=55237"}],"version-history":[{"count":0,"href":"https:\/\/cdnoticias.com\/index.php\/wp-json\/wp\/v2\/posts\/55237\/revisions"}],"wp:featuredmedia":[{"embeddable":true,"href":"https:\/\/cdnoticias.com\/index.php\/wp-json\/wp\/v2\/media\/55238"}],"wp:attachment":[{"href":"https:\/\/cdnoticias.com\/index.php\/wp-json\/wp\/v2\/media?parent=55237"}],"wp:term":[{"taxonomy":"category","embeddable":true,"href":"https:\/\/cdnoticias.com\/index.php\/wp-json\/wp\/v2\/categories?post=55237"},{"taxonomy":"post_tag","embeddable":true,"href":"https:\/\/cdnoticias.com\/index.php\/wp-json\/wp\/v2\/tags?post=55237"}],"curies":[{"name":"wp","href":"https:\/\/api.w.org\/{rel}","templated":true}]}}