{"id":55233,"date":"2022-05-21T13:45:00","date_gmt":"2022-05-21T16:45:00","guid":{"rendered":"https:\/\/www.centraldenoticias.com.ar\/?p=55233"},"modified":"2022-05-21T13:45:00","modified_gmt":"2022-05-21T16:45:00","slug":"asamblea-de-bomberos-voluntarios-se-buscara-reformar-el-estatuto","status":"publish","type":"post","link":"https:\/\/cdnoticias.com\/index.php\/2022\/05\/21\/asamblea-de-bomberos-voluntarios-se-buscara-reformar-el-estatuto\/","title":{"rendered":"Asamblea de Bomberos Voluntarios: se buscar\u00e1 reformar el estatuto"},"content":{"rendered":"<p>Se trat\u00f3 de la Asamblea General Ordinaria 72\u00b0 y se realiz\u00f3 el jueves. Entre los principales temas tratados se cont\u00f3 la autorizaci\u00f3n para modificar el valor de la cuota social.<!--more--><\/p>\n<hr \/>\n<p><strong>En la noche del jueves en las instalaciones del Cuartel Central de la Asociaci\u00f3n Bomberos Voluntarios de Olavarr\u00eda se llev\u00f3 a cabo la 72\u00b0 Asamblea Ordinaria<\/strong> donde se present\u00f3 la <strong>Memoria y Balance del per\u00edodo 2020\/2021<\/strong> de la instituci\u00f3n. El acto fue llevado adelante por el <strong>secretario de actas Marcelo Cunioli<\/strong> qui\u00e9n eligi\u00f3 a dos asamble\u00edstas para aprobar y suscribir el acta de la Asamblea.<\/p>\n<p>&nbsp;<\/p>\n<p>Tambi\u00e9n explic\u00f3 los motivos por los cuales <strong>se realiz\u00f3 la asamblea fuera de t\u00e9rmino<\/strong> y present\u00f3 la Memoria correspondiente al 72\u00b0 Ejercicio Econ\u00f3mico iniciado el 1\u00ba de noviembre de 2020 y cerrado el 31 de octubre de 2021. El <strong>comandante general del cuerpo activo Ra\u00fal A. Ferreira<\/strong> ley\u00f3 la editorial y seguidamente el <strong>presidente Hugo Fayan\u00e1s<\/strong> tambi\u00e9n ley\u00f3 varias hojas de esta.<\/p>\n<p>&nbsp;<\/p>\n<p>El contador de la instituci\u00f3n Fabio Yaben dio lectura del <strong>Balance y Cuentas de Gastos y Recursos<\/strong> como as\u00ed tambi\u00e9n el contador y secretario de recaudaci\u00f3n Jos\u00e9 L. Modarelli.<\/p>\n<p>&nbsp;<\/p>\n<p><img data-recalc-dims=\"1\" loading=\"lazy\" decoding=\"async\" class=\"size-large wp-image-55235 aligncenter\" src=\"https:\/\/i0.wp.com\/cdnoticias.com\/wp-content\/uploads\/2022\/05\/bomberos-comision-directiva-2.jpeg?resize=800%2C600&#038;ssl=1\" alt=\"\" width=\"800\" height=\"600\" srcset=\"https:\/\/i0.wp.com\/cdnoticias.com\/wp-content\/uploads\/2022\/05\/bomberos-comision-directiva-2.jpeg?resize=1024%2C768&amp;ssl=1 1024w, https:\/\/i0.wp.com\/cdnoticias.com\/wp-content\/uploads\/2022\/05\/bomberos-comision-directiva-2.jpeg?resize=300%2C225&amp;ssl=1 300w, https:\/\/i0.wp.com\/cdnoticias.com\/wp-content\/uploads\/2022\/05\/bomberos-comision-directiva-2.jpeg?resize=768%2C576&amp;ssl=1 768w, https:\/\/i0.wp.com\/cdnoticias.com\/wp-content\/uploads\/2022\/05\/bomberos-comision-directiva-2.jpeg?w=1280&amp;ssl=1 1280w\" sizes=\"auto, (max-width: 800px) 100vw, 800px\" \/><\/p>\n<p>&nbsp;<\/p>\n<p>Se eligi\u00f3 a <strong>Marcos Heim como nuevo consejero<\/strong> por el t\u00e9rmino de un a\u00f1o, tambi\u00e9n se vot\u00f3 para poner en circulaci\u00f3n un <strong>bono contribuci\u00f3n<\/strong> y la <strong>autorizaci\u00f3n para modificar el valor de la cuota social<\/strong>.<\/p>\n<p>&nbsp;<\/p>\n<blockquote><p>El \u00faltimo punto fue para autorizar al Consejo Directivo a comenzar a trabajar para la reforma y actualizaci\u00f3n del Estatuto vigente de la Asociaci\u00f3n ya que rige de 1954.<\/p><\/blockquote>\n<p>&nbsp;<\/p>\n<p>Finalmente, <strong>el cierre fue con las palabras de Hugo Fayan\u00e1s<\/strong> qui\u00e9n agradeci\u00f3 la asistencia y el trabajo llevado adelante para realizar la asamblea que estaba retrasada por la pandemia.\u00a0Tambi\u00e9n agradeci\u00f3 a sus compa\u00f1eros del Consejo Directivo a los bomberos y al jefe del Cuerpo Activo Ra\u00fal Ferreira.<\/p>\n","protected":false},"excerpt":{"rendered":"<p>Se trat\u00f3 de la Asamblea General Ordinaria 72\u00b0 y se realiz\u00f3 el jueves. Entre los principales temas tratados se cont\u00f3<\/p>\n","protected":false},"author":4,"featured_media":55234,"comment_status":"closed","ping_status":"closed","sticky":false,"template":"","format":"standard","meta":{"_jetpack_memberships_contains_paid_content":false,"footnotes":""},"categories":[5,1],"tags":[],"class_list":["post-55233","post","type-post","status-publish","format-standard","has-post-thumbnail","hentry","category-informacion-general","category-portada"],"jetpack_featured_media_url":"https:\/\/i0.wp.com\/cdnoticias.com\/wp-content\/uploads\/2022\/05\/bomberos-comision-directiva-1.jpeg?fit=1280%2C960&ssl=1","jetpack_sharing_enabled":true,"_links":{"self":[{"href":"https:\/\/cdnoticias.com\/index.php\/wp-json\/wp\/v2\/posts\/55233","targetHints":{"allow":["GET"]}}],"collection":[{"href":"https:\/\/cdnoticias.com\/index.php\/wp-json\/wp\/v2\/posts"}],"about":[{"href":"https:\/\/cdnoticias.com\/index.php\/wp-json\/wp\/v2\/types\/post"}],"author":[{"embeddable":true,"href":"https:\/\/cdnoticias.com\/index.php\/wp-json\/wp\/v2\/users\/4"}],"replies":[{"embeddable":true,"href":"https:\/\/cdnoticias.com\/index.php\/wp-json\/wp\/v2\/comments?post=55233"}],"version-history":[{"count":0,"href":"https:\/\/cdnoticias.com\/index.php\/wp-json\/wp\/v2\/posts\/55233\/revisions"}],"wp:featuredmedia":[{"embeddable":true,"href":"https:\/\/cdnoticias.com\/index.php\/wp-json\/wp\/v2\/media\/55234"}],"wp:attachment":[{"href":"https:\/\/cdnoticias.com\/index.php\/wp-json\/wp\/v2\/media?parent=55233"}],"wp:term":[{"taxonomy":"category","embeddable":true,"href":"https:\/\/cdnoticias.com\/index.php\/wp-json\/wp\/v2\/categories?post=55233"},{"taxonomy":"post_tag","embeddable":true,"href":"https:\/\/cdnoticias.com\/index.php\/wp-json\/wp\/v2\/tags?post=55233"}],"curies":[{"name":"wp","href":"https:\/\/api.w.org\/{rel}","templated":true}]}}