{"id":5522,"date":"2020-11-03T12:22:32","date_gmt":"2020-11-03T15:22:32","guid":{"rendered":"http:\/\/www.centraldenoticias.com.ar\/?p=5522"},"modified":"2020-11-03T16:13:26","modified_gmt":"2020-11-03T19:13:26","slug":"continuan-las-tareas-de-busqueda-del-joven-desaparecido","status":"publish","type":"post","link":"https:\/\/cdnoticias.com\/index.php\/2020\/11\/03\/continuan-las-tareas-de-busqueda-del-joven-desaparecido\/","title":{"rendered":"Contin\u00faan las tareas de b\u00fasqueda del joven desaparecido"},"content":{"rendered":"<p>En la jornada de este martes, el despliegue de efectivos y medios de b\u00fasqueda se dio en Sierras Bayas, en inmediaciones de San Jacinto y hacia Loma Negra.<!--more--><\/p>\n<hr \/>\n<p>Con amplio despliegue de efectivos policiales y la colaboraci\u00f3n de Defensa Civil municipal, <strong>continu\u00f3 en la ma\u00f1ana de este martes la b\u00fasqueda<\/strong> del joven <a href=\"https:\/\/cdnoticias.com\/index.php\/2020\/11\/02\/buscan-desesperadamente-a-un-joven-de-20-anos-en-olavarria\/\" target=\"_blank\" rel=\"noopener\">Jonatan Torres<\/a>, de 20 a\u00f1os.<\/p>\n<p><strong>Hasta el momento los resultados han sido negativos<\/strong>. El personal de seguridad trabaj\u00f3 en una cantera de <strong>Sierras Bayas<\/strong>, en respuesta a una informaci\u00f3n aportada a las autoridades.<\/p>\n<p><img data-recalc-dims=\"1\" loading=\"lazy\" decoding=\"async\" class=\"aligncenter wp-image-5519\" src=\"https:\/\/i0.wp.com\/cdnoticias.com\/wp-content\/uploads\/2020\/11\/operativo-1.jpeg?resize=600%2C449&#038;ssl=1\" alt=\"\" width=\"600\" height=\"449\" srcset=\"https:\/\/i0.wp.com\/cdnoticias.com\/wp-content\/uploads\/2020\/11\/operativo-1.jpeg?resize=300%2C225&amp;ssl=1 300w, https:\/\/i0.wp.com\/cdnoticias.com\/wp-content\/uploads\/2020\/11\/operativo-1.jpeg?resize=768%2C575&amp;ssl=1 768w, https:\/\/i0.wp.com\/cdnoticias.com\/wp-content\/uploads\/2020\/11\/operativo-1.jpeg?resize=1024%2C766&amp;ssl=1 1024w, https:\/\/i0.wp.com\/cdnoticias.com\/wp-content\/uploads\/2020\/11\/operativo-1.jpeg?w=1280&amp;ssl=1 1280w\" sizes=\"auto, (max-width: 600px) 100vw, 600px\" \/><\/p>\n<p>Luego, se presentaron en<strong> inmediaciones de Avellaneda y ruta 51<\/strong>, en el predio que corresponde a Vialidad Provincial donde adem\u00e1s lleg\u00f3 personal de Defensa Civil para operar el drone y tambi\u00e9n el perro rastreador. Este sector fue se\u00f1alado en el marco de los <a href=\"https:\/\/cdnoticias.com\/index.php\/2020\/11\/02\/busqueda-de-jonatan-pedido-urgente-de-colaboracion-a-la-comunidad\/\" target=\"_blank\" rel=\"noopener\">\u00faltimos elementos probatorios<\/a> incorporados a las averiguaciones donde se vio a Torres mientras circulaba en bicicleta.<\/p>\n<p>Tambi\u00e9n estuvieron familiares del joven de 20 a\u00f1os oriundo de Azul que es intensamente buscado <a href=\"https:\/\/cdnoticias.com\/index.php\/2020\/11\/02\/canes-y-rastrillajes-en-la-desesperada-busqueda-de-un-joven-de-20-anos\/\" target=\"_blank\" rel=\"noopener\">desde hace casi dos d\u00edas<\/a>.<\/p>\n<p><img data-recalc-dims=\"1\" loading=\"lazy\" decoding=\"async\" class=\"aligncenter wp-image-5520\" src=\"https:\/\/i0.wp.com\/cdnoticias.com\/wp-content\/uploads\/2020\/11\/operativo-2.jpeg?resize=600%2C450&#038;ssl=1\" alt=\"\" width=\"600\" height=\"450\" srcset=\"https:\/\/i0.wp.com\/cdnoticias.com\/wp-content\/uploads\/2020\/11\/operativo-2.jpeg?resize=300%2C225&amp;ssl=1 300w, https:\/\/i0.wp.com\/cdnoticias.com\/wp-content\/uploads\/2020\/11\/operativo-2.jpeg?resize=768%2C576&amp;ssl=1 768w, https:\/\/i0.wp.com\/cdnoticias.com\/wp-content\/uploads\/2020\/11\/operativo-2.jpeg?resize=1024%2C768&amp;ssl=1 1024w, https:\/\/i0.wp.com\/cdnoticias.com\/wp-content\/uploads\/2020\/11\/operativo-2.jpeg?w=1152&amp;ssl=1 1152w\" sizes=\"auto, (max-width: 600px) 100vw, 600px\" \/><\/p>\n<p>Los efectivos policiales se han desplegado desde inmediaciones del <strong>Paraje San Jacinto y hacia Loma Negra<\/strong>, y desde all\u00ed avanzaron en las medidas de rastrillaje hasta ingresar a Estancia Vieja.<\/p>\n<p>A lo largo de este martes, han trabajado personal de las subcomisar\u00edas de Sierras Bayas y de Loma Negra, Polic\u00eda Local y del Comando de Patrullas.<\/p>\n<p><img data-recalc-dims=\"1\" loading=\"lazy\" decoding=\"async\" class=\"aligncenter wp-image-5517\" src=\"https:\/\/i0.wp.com\/cdnoticias.com\/wp-content\/uploads\/2020\/11\/operativo-8.jpeg?resize=600%2C300&#038;ssl=1\" alt=\"\" width=\"600\" height=\"300\" srcset=\"https:\/\/i0.wp.com\/cdnoticias.com\/wp-content\/uploads\/2020\/11\/operativo-8.jpeg?resize=300%2C150&amp;ssl=1 300w, https:\/\/i0.wp.com\/cdnoticias.com\/wp-content\/uploads\/2020\/11\/operativo-8.jpeg?resize=768%2C384&amp;ssl=1 768w, https:\/\/i0.wp.com\/cdnoticias.com\/wp-content\/uploads\/2020\/11\/operativo-8.jpeg?resize=1024%2C512&amp;ssl=1 1024w, https:\/\/i0.wp.com\/cdnoticias.com\/wp-content\/uploads\/2020\/11\/operativo-8.jpeg?w=1280&amp;ssl=1 1280w\" sizes=\"auto, (max-width: 600px) 100vw, 600px\" \/><\/p>\n<p>Se reiter\u00f3 el perdido para que quien haya visto la bicicleta o que tenga alg\u00fan dato acerca del paradero del joven que lo acerque de inmediato a los investigadores, pudi\u00e9ndolo hacer al 2284558089, <strong>al servicio de emergencias (911 o 419016\/17) o comunicarse con las dependencias policiales de la ciudad.<\/strong><\/p>\n<p><img data-recalc-dims=\"1\" loading=\"lazy\" decoding=\"async\" class=\"aligncenter wp-image-5518\" src=\"https:\/\/i0.wp.com\/cdnoticias.com\/wp-content\/uploads\/2020\/11\/operativo-10.jpeg?resize=600%2C450&#038;ssl=1\" alt=\"\" width=\"600\" height=\"450\" srcset=\"https:\/\/i0.wp.com\/cdnoticias.com\/wp-content\/uploads\/2020\/11\/operativo-10.jpeg?resize=300%2C225&amp;ssl=1 300w, https:\/\/i0.wp.com\/cdnoticias.com\/wp-content\/uploads\/2020\/11\/operativo-10.jpeg?resize=768%2C576&amp;ssl=1 768w, https:\/\/i0.wp.com\/cdnoticias.com\/wp-content\/uploads\/2020\/11\/operativo-10.jpeg?resize=1024%2C768&amp;ssl=1 1024w, https:\/\/i0.wp.com\/cdnoticias.com\/wp-content\/uploads\/2020\/11\/operativo-10.jpeg?w=1152&amp;ssl=1 1152w\" sizes=\"auto, (max-width: 600px) 100vw, 600px\" \/><\/p>\n<p><img data-recalc-dims=\"1\" loading=\"lazy\" decoding=\"async\" class=\"aligncenter wp-image-5521\" src=\"https:\/\/i0.wp.com\/cdnoticias.com\/wp-content\/uploads\/2020\/11\/operativo-3.jpeg?resize=600%2C450&#038;ssl=1\" alt=\"\" width=\"600\" height=\"450\" srcset=\"https:\/\/i0.wp.com\/cdnoticias.com\/wp-content\/uploads\/2020\/11\/operativo-3.jpeg?resize=300%2C225&amp;ssl=1 300w, https:\/\/i0.wp.com\/cdnoticias.com\/wp-content\/uploads\/2020\/11\/operativo-3.jpeg?resize=768%2C576&amp;ssl=1 768w, https:\/\/i0.wp.com\/cdnoticias.com\/wp-content\/uploads\/2020\/11\/operativo-3.jpeg?resize=1024%2C768&amp;ssl=1 1024w, https:\/\/i0.wp.com\/cdnoticias.com\/wp-content\/uploads\/2020\/11\/operativo-3.jpeg?w=1152&amp;ssl=1 1152w\" sizes=\"auto, (max-width: 600px) 100vw, 600px\" \/><\/p>\n","protected":false},"excerpt":{"rendered":"<p>En la jornada de este martes, el despliegue de efectivos y medios de b\u00fasqueda se dio en Sierras Bayas, en<\/p>\n","protected":false},"author":4,"featured_media":5515,"comment_status":"closed","ping_status":"closed","sticky":false,"template":"","format":"standard","meta":{"_jetpack_memberships_contains_paid_content":false,"footnotes":""},"categories":[5,1],"tags":[],"class_list":["post-5522","post","type-post","status-publish","format-standard","has-post-thumbnail","hentry","category-informacion-general","category-portada"],"jetpack_featured_media_url":"https:\/\/i0.wp.com\/cdnoticias.com\/wp-content\/uploads\/2020\/11\/operativo-5.jpeg?fit=1152%2C864&ssl=1","jetpack_sharing_enabled":true,"_links":{"self":[{"href":"https:\/\/cdnoticias.com\/index.php\/wp-json\/wp\/v2\/posts\/5522","targetHints":{"allow":["GET"]}}],"collection":[{"href":"https:\/\/cdnoticias.com\/index.php\/wp-json\/wp\/v2\/posts"}],"about":[{"href":"https:\/\/cdnoticias.com\/index.php\/wp-json\/wp\/v2\/types\/post"}],"author":[{"embeddable":true,"href":"https:\/\/cdnoticias.com\/index.php\/wp-json\/wp\/v2\/users\/4"}],"replies":[{"embeddable":true,"href":"https:\/\/cdnoticias.com\/index.php\/wp-json\/wp\/v2\/comments?post=5522"}],"version-history":[{"count":0,"href":"https:\/\/cdnoticias.com\/index.php\/wp-json\/wp\/v2\/posts\/5522\/revisions"}],"wp:featuredmedia":[{"embeddable":true,"href":"https:\/\/cdnoticias.com\/index.php\/wp-json\/wp\/v2\/media\/5515"}],"wp:attachment":[{"href":"https:\/\/cdnoticias.com\/index.php\/wp-json\/wp\/v2\/media?parent=5522"}],"wp:term":[{"taxonomy":"category","embeddable":true,"href":"https:\/\/cdnoticias.com\/index.php\/wp-json\/wp\/v2\/categories?post=5522"},{"taxonomy":"post_tag","embeddable":true,"href":"https:\/\/cdnoticias.com\/index.php\/wp-json\/wp\/v2\/tags?post=5522"}],"curies":[{"name":"wp","href":"https:\/\/api.w.org\/{rel}","templated":true}]}}