{"id":55219,"date":"2022-05-21T09:59:24","date_gmt":"2022-05-21T12:59:24","guid":{"rendered":"https:\/\/www.centraldenoticias.com.ar\/?p=55219"},"modified":"2022-05-21T12:37:32","modified_gmt":"2022-05-21T15:37:32","slug":"covid-el-vacunatorio-itinerante-vuelve-al-paseo-mendia-y-al-parque-eseverri","status":"publish","type":"post","link":"https:\/\/cdnoticias.com\/index.php\/2022\/05\/21\/covid-el-vacunatorio-itinerante-vuelve-al-paseo-mendia-y-al-parque-eseverri\/","title":{"rendered":"Covid: el vacunatorio itinerante vuelve al Paseo Mend\u00eda y al Parque Eseverri"},"content":{"rendered":"<p>Se aplicar\u00e1n primeras, segundas, terceras y cuartas dosis respetando los cronogramas establecidos por el Ministerio de Salud. M\u00e1s de 1.800 vacunados entre el 14 y el 20 de mayo.<!--more--><\/p>\n<hr \/>\n<p>Desde la Regi\u00f3n Sanitaria IX se inform\u00f3 que <strong>durante la ma\u00f1ana del s\u00e1bado continuar\u00e1 la actividad del vacunatorio m\u00f3vil en el Paseo Jes\u00fas Mend\u00eda, en el horario de 10 a 14<\/strong>, y el <strong>domingo se inocular\u00e1 en el Parque Helios Eseverri, de 14 a 17<\/strong>.<\/p>\n<p>&nbsp;<\/p>\n<p>En ambos lugares se aplicar\u00e1n <strong>primeras, segundas, terceras y cuartas dosis<\/strong> siempre respetando los cronogramas establecidos por el Ministerio de Salud bonaerense.<\/p>\n<p><img data-recalc-dims=\"1\" loading=\"lazy\" decoding=\"async\" class=\"aligncenter wp-image-55220\" src=\"https:\/\/i0.wp.com\/cdnoticias.com\/wp-content\/uploads\/2022\/05\/vacunacion-covid-3-1024x1024.jpeg?resize=400%2C400&#038;ssl=1\" alt=\"\" width=\"400\" height=\"400\" \/><\/p>\n<p>&nbsp;<\/p>\n<blockquote><p>En la semana comprendida entre el 14 y el 20 de mayo se aplicaron 1545 cuartas dosis sobre un total de 1847 personas vacunadas contra el Covid-19, distribuidas de la siguiente manera: en la Pe\u00f1a Ciudad de Olavarr\u00eda Boca Jr. se inocularon 932 vecinas y vecinos, y en los vacunatorios itinerantes se aplicaron 915 dosis.<\/p><\/blockquote>\n<p>&nbsp;<\/p>\n<p>A partir de este s\u00e1bado, <a href=\"https:\/\/cdnoticias.com\/index.php\/2022\/05\/20\/covid-kicillof-anuncio-segunda-dosis-de-refuerzo-libre-para-mayores-de-18-anos\/\" target=\"_blank\" rel=\"noopener\">tal como lo anuncio el Ministerio de Salud provincial<\/a> las personas mayores de 18 a\u00f1os podr\u00e1n acceder a la<strong> segunda dosis de refuerzo libre<\/strong>, cumpliendo como requisito haber cumplido 4 meses desde el primer refuerzo. Adem\u00e1s, <strong>est\u00e1 habilitada la aplicaci\u00f3n del segundo refuerzo a mayores de 12 a\u00f1os inmunocomprometidas<\/strong>.<\/p>\n<p>&nbsp;<\/p>\n<blockquote class=\"twitter-tweet\">\n<p dir=\"ltr\" lang=\"es\">Compartimos la importante noticia de <a href=\"https:\/\/twitter.com\/SaludBAP?ref_src=twsrc%5Etfw\">@SaludBAP<\/a> que a partir de ma\u00f1ana s\u00e1bado las personas mayores de 18 a\u00f1os podr\u00e1n acceder a la segunda dosis de refuerzo libre.<\/p>\n<p>Como requisito tienen que haber cumplido 4 meses desde el primer refuerzo.<a href=\"https:\/\/twitter.com\/nkreplak?ref_src=twsrc%5Etfw\">@nkreplak<\/a> <a href=\"https:\/\/twitter.com\/adrian_gayoso?ref_src=twsrc%5Etfw\">@adrian_gayoso<\/a> <a href=\"https:\/\/twitter.com\/ramiroborzi?ref_src=twsrc%5Etfw\">@ramiroborzi<\/a> <a href=\"https:\/\/t.co\/JLImlD7F77\">pic.twitter.com\/JLImlD7F77<\/a><\/p>\n<p>\u2014 @RegSanIX (@regsanix) <a href=\"https:\/\/twitter.com\/regsanix\/status\/1527661921670930435?ref_src=twsrc%5Etfw\">May 20, 2022<\/a><\/p><\/blockquote>\n<p><script async src=\"https:\/\/platform.twitter.com\/widgets.js\" charset=\"utf-8\"><\/script><\/p>\n<p>&nbsp;<\/p>\n<p>Por consultas, podr\u00e1n<strong> acercarse a la Pe\u00f1a Ciudad de Olavarr\u00eda Boca Jr., Chacabuco 4366<\/strong>, todos los d\u00edas de 8 a 16 horas.<\/p>\n","protected":false},"excerpt":{"rendered":"<p>Se aplicar\u00e1n primeras, segundas, terceras y cuartas dosis respetando los cronogramas establecidos por el Ministerio de Salud. M\u00e1s de 1.800<\/p>\n","protected":false},"author":4,"featured_media":51923,"comment_status":"closed","ping_status":"closed","sticky":false,"template":"","format":"standard","meta":{"_jetpack_memberships_contains_paid_content":false,"footnotes":""},"categories":[16,1],"tags":[],"class_list":["post-55219","post","type-post","status-publish","format-standard","has-post-thumbnail","hentry","category-covid-19","category-portada"],"jetpack_featured_media_url":"https:\/\/i0.wp.com\/cdnoticias.com\/wp-content\/uploads\/2022\/04\/vacunacion-covid-paseo-mendia-04.jpg?fit=800%2C445&ssl=1","jetpack_sharing_enabled":true,"_links":{"self":[{"href":"https:\/\/cdnoticias.com\/index.php\/wp-json\/wp\/v2\/posts\/55219","targetHints":{"allow":["GET"]}}],"collection":[{"href":"https:\/\/cdnoticias.com\/index.php\/wp-json\/wp\/v2\/posts"}],"about":[{"href":"https:\/\/cdnoticias.com\/index.php\/wp-json\/wp\/v2\/types\/post"}],"author":[{"embeddable":true,"href":"https:\/\/cdnoticias.com\/index.php\/wp-json\/wp\/v2\/users\/4"}],"replies":[{"embeddable":true,"href":"https:\/\/cdnoticias.com\/index.php\/wp-json\/wp\/v2\/comments?post=55219"}],"version-history":[{"count":0,"href":"https:\/\/cdnoticias.com\/index.php\/wp-json\/wp\/v2\/posts\/55219\/revisions"}],"wp:featuredmedia":[{"embeddable":true,"href":"https:\/\/cdnoticias.com\/index.php\/wp-json\/wp\/v2\/media\/51923"}],"wp:attachment":[{"href":"https:\/\/cdnoticias.com\/index.php\/wp-json\/wp\/v2\/media?parent=55219"}],"wp:term":[{"taxonomy":"category","embeddable":true,"href":"https:\/\/cdnoticias.com\/index.php\/wp-json\/wp\/v2\/categories?post=55219"},{"taxonomy":"post_tag","embeddable":true,"href":"https:\/\/cdnoticias.com\/index.php\/wp-json\/wp\/v2\/tags?post=55219"}],"curies":[{"name":"wp","href":"https:\/\/api.w.org\/{rel}","templated":true}]}}