{"id":55207,"date":"2022-05-20T19:55:34","date_gmt":"2022-05-20T22:55:34","guid":{"rendered":"https:\/\/www.centraldenoticias.com.ar\/?p=55207"},"modified":"2022-05-21T10:03:51","modified_gmt":"2022-05-21T13:03:51","slug":"un-olavarriense-es-senalado-como-cabecilla-de-una-organizacion-delictiva-que-vendia-drogas","status":"publish","type":"post","link":"https:\/\/cdnoticias.com\/index.php\/2022\/05\/20\/un-olavarriense-es-senalado-como-cabecilla-de-una-organizacion-delictiva-que-vendia-drogas\/","title":{"rendered":"Un olavarriense es se\u00f1alado como \u201ccabecilla\u201d de una organizaci\u00f3n delictiva que vend\u00eda drogas"},"content":{"rendered":"<p>Estaba con salidas transitorias en la Unidad 7 de Azul. Vend\u00edan estupefacientes al menudeo mediante billeteras electr\u00f3nicas. Hubo un allanamiento hace algunos d\u00edas en la ciudad. <!--more--><\/p>\n<hr \/>\n<p><strong>Un olavarriense fue signado por investigadores policiales como \u201ccabecilla\u201d de una banda que vend\u00eda drogas al menudeo en Azul.<\/strong> Ten\u00eda salidas transitorias de la Unidad N\u00b07 de la vecina ciudad y ahora se encuentra detenido junto a otras dos personas sospechadas de integrar este grupo que ya ten\u00eda dos detenidos desde octubre de 2021.<\/p>\n<p>&nbsp;<\/p>\n<p>Seg\u00fan se logr\u00f3 saber, la investigaci\u00f3n a cargo del doctor Lucas Moyano tuvo varios allanamientos donde se dieron las detenciones: dos domicilios en Azul, una celda de la Unidad N\u00b07 y <strong>un domicilio en Cerrito al 4300, en nuestra ciudad, donde se<em> \u201csecuestr\u00f3 documentaci\u00f3n, tel\u00e9fonos celulares que era lo que se estaba buscando\u201d<\/em><\/strong> indic\u00f3 una fuente vinculada a la causa, seg\u00fan logr\u00f3 saber <strong>Central de Noticias.<\/strong><\/p>\n<p>&nbsp;<\/p>\n<p>El olavarriense, identificado como Lucas Rodrigo Bah\u00eda Guti\u00e9rrez, se sum\u00f3 a como Thomas Emiliano Crisafulli, de 25 a\u00f1os de edad; Farid Julio Alfredo Toledo (25) como los nuevos detenidos por esta causa.<\/p>\n<p>&nbsp;<\/p>\n<p>Bah\u00eda Guti\u00e9rrez, quien es se\u00f1alado como el \u201cl\u00edder de la organizaci\u00f3n criminal\u201d, figura acusado del <strong>delito de comercializaci\u00f3n de estupefacientes en dosis fraccionadas destinadas al consumidor.<\/strong><\/p>\n<p>&nbsp;<\/p>\n<p>La investigaci\u00f3n, iniciada en agosto de 2020, ubicaba <strong>al cabecilla en la Unidad N\u00b07 organizando el mecanismo de comercializaci\u00f3n de drogas<\/strong><em> \u201cempleando el sistema de billeteras virtuales para hacerse del dinero&#8221;<\/em> que era obtenido por el referido accionar delictivo, <strong>el cual inclu\u00eda que los estupefacientes se vendieran al menudeo bajo la modalidad conocida como &#8220;delivery&#8221;.<\/strong><\/p>\n<p>&nbsp;<\/p>\n<p>En la venta de estupefacientes se encontraba <strong>marihuana y coca\u00edna, en cifras que ascend\u00edan a los 10 mil pesos en algunos casos.<\/strong> Seg\u00fan se explic\u00f3, adem\u00e1s, quienes recog\u00edan la droga se comercializaba a trav\u00e9s de diferentes punteros que acced\u00edan al lugar donde la misma estaba &#8220;mediante geolocalizaciones&#8221;, se indica tambi\u00e9n en la causa que fue informada por <strong>Diario El Tiempo de Azul.<\/strong><\/p>\n<p>&nbsp;<\/p>\n","protected":false},"excerpt":{"rendered":"<p>Estaba con salidas transitorias en la Unidad 7 de Azul. Vend\u00edan estupefacientes al menudeo mediante billeteras electr\u00f3nicas. Hubo un allanamiento<\/p>\n","protected":false},"author":2,"featured_media":55208,"comment_status":"closed","ping_status":"closed","sticky":false,"template":"","format":"standard","meta":{"_jetpack_memberships_contains_paid_content":false,"footnotes":""},"categories":[14,1],"tags":[],"class_list":["post-55207","post","type-post","status-publish","format-standard","has-post-thumbnail","hentry","category-policiales","category-portada"],"jetpack_featured_media_url":"https:\/\/i0.wp.com\/cdnoticias.com\/wp-content\/uploads\/2022\/05\/olavarriense-drogas.jpeg?fit=948%2C533&ssl=1","jetpack_sharing_enabled":true,"_links":{"self":[{"href":"https:\/\/cdnoticias.com\/index.php\/wp-json\/wp\/v2\/posts\/55207","targetHints":{"allow":["GET"]}}],"collection":[{"href":"https:\/\/cdnoticias.com\/index.php\/wp-json\/wp\/v2\/posts"}],"about":[{"href":"https:\/\/cdnoticias.com\/index.php\/wp-json\/wp\/v2\/types\/post"}],"author":[{"embeddable":true,"href":"https:\/\/cdnoticias.com\/index.php\/wp-json\/wp\/v2\/users\/2"}],"replies":[{"embeddable":true,"href":"https:\/\/cdnoticias.com\/index.php\/wp-json\/wp\/v2\/comments?post=55207"}],"version-history":[{"count":0,"href":"https:\/\/cdnoticias.com\/index.php\/wp-json\/wp\/v2\/posts\/55207\/revisions"}],"wp:featuredmedia":[{"embeddable":true,"href":"https:\/\/cdnoticias.com\/index.php\/wp-json\/wp\/v2\/media\/55208"}],"wp:attachment":[{"href":"https:\/\/cdnoticias.com\/index.php\/wp-json\/wp\/v2\/media?parent=55207"}],"wp:term":[{"taxonomy":"category","embeddable":true,"href":"https:\/\/cdnoticias.com\/index.php\/wp-json\/wp\/v2\/categories?post=55207"},{"taxonomy":"post_tag","embeddable":true,"href":"https:\/\/cdnoticias.com\/index.php\/wp-json\/wp\/v2\/tags?post=55207"}],"curies":[{"name":"wp","href":"https:\/\/api.w.org\/{rel}","templated":true}]}}