{"id":55203,"date":"2022-05-20T20:17:41","date_gmt":"2022-05-20T23:17:41","guid":{"rendered":"https:\/\/www.centraldenoticias.com.ar\/?p=55203"},"modified":"2022-05-20T20:17:41","modified_gmt":"2022-05-20T23:17:41","slug":"foro-olavarria-fr-retoma-el-ciclo-audiovisual-personas-que-hacen-con-la-biblioteca-popular-mahatma-ghandi","status":"publish","type":"post","link":"https:\/\/cdnoticias.com\/index.php\/2022\/05\/20\/foro-olavarria-fr-retoma-el-ciclo-audiovisual-personas-que-hacen-con-la-biblioteca-popular-mahatma-ghandi\/","title":{"rendered":"Foro Olavarr\u00eda &#8211; FR retoma el ciclo audiovisual \u201cPersonas que Hacen\u201d con la Biblioteca Popular \u201cMahatma Ghandi\u201d"},"content":{"rendered":"<p>El objetivo de estas producciones es poner en valor el aporte solidario que hacen los vecinos y vecinas que protagonizan cada uno de los cap\u00edtulos presentados.\u00a0 <!--more--><\/p>\n<hr \/>\n<p>&nbsp;<\/p>\n<p>Foro Olavarr\u00eda &#8211; Frente Renovador<strong> estrena un nuevo cap\u00edtulo de la serie \u201cPersonas que hacen\u201d<\/strong> a trav\u00e9s del canal de <strong>YouTube<\/strong> del espacio que conducen Eduardo Rodr\u00edguez, la concejala In\u00e9s Creimer y el concejal Gast\u00f3n Sarachu.<\/p>\n<p>&nbsp;<\/p>\n<p>Esta nueva entrega de \u201cPersonas que hacen\u201d, <strong>la primera del a\u00f1o 2022<\/strong>, se puede disfrutar a trav\u00e9s del siguiente enlace: \u00a0<a href=\"https:\/\/youtu.be\/oPH_TaMb8Ak\" target=\"_blank\" rel=\"noopener\">https:\/\/youtu.be\/oPH_TaMb8Ak<\/a><\/p>\n<p>&nbsp;<\/p>\n<p>\u201c<strong>Personas que hacen\u201d <\/strong>se trata de una <strong>serie audiovisual<\/strong> que <strong>re\u00fane el testimonio de distintas personas que unen acciones para el bien de la comunidad.<\/strong><\/p>\n<p>&nbsp;<\/p>\n<p>&#8220;El objetivo de estas producciones es poner en valor el aporte solidario que hacen los vecinos y vecinas que protagonizan cada uno de los cap\u00edtulos presentados&#8221; se indic\u00f3.<\/p>\n<p>&nbsp;<\/p>\n<p>Este <strong>nuevo cap\u00edtulo propone adentrarse en la historia de la Biblioteca Popular \u201cMahatma Ghandi\u201d,<\/strong> ubicada en Bol\u00edvar 3031 y la cual pertenece al gremio ferroviario \u201cLa Fraternidad\u201d.<\/p>\n<p>&nbsp;<\/p>\n<p><strong>A trav\u00e9s de la voz de Alfredo Minich,<\/strong> integrante de la Comisi\u00f3n Directiva, la \u00faltima entrega de \u201cPersonas que hacen\u201d logra acercar a la audiencia la historia de la<strong> biblioteca nacida en el a\u00f1o 1908<\/strong> y que brinda un importante aporte social mediante la conservaci\u00f3n de la historia ferroviaria y la formaci\u00f3n t\u00e9cnica y profesional.<\/p>\n<p>&nbsp;<\/p>\n<p>Para m\u00e1s informaci\u00f3n sobre las actividades del <strong>Foro Olavarr\u00eda<\/strong> acercarse a la <strong>Casa Eduardo \u201cChino\u201d Correa,<\/strong> emplazada en Belgrano 3222, de<strong> lunes a viernes de 9:00 a 13:00<\/strong> o comunicarse a trav\u00e9s de las siguientes v\u00edas de contacto:<\/p>\n<p>&nbsp;<\/p>\n<p><strong>E-mail:<\/strong> foroolavarria@gmail.com<\/p>\n<p><strong>WhatsApp:<\/strong> 2284 554873<\/p>\n<p><strong>P\u00e1gina web:<\/strong> www.foroolavarria.org<\/p>\n","protected":false},"excerpt":{"rendered":"<p>El objetivo de estas producciones es poner en valor el aporte solidario que hacen los vecinos y vecinas que protagonizan<\/p>\n","protected":false},"author":6,"featured_media":55204,"comment_status":"closed","ping_status":"closed","sticky":false,"template":"","format":"standard","meta":{"_jetpack_memberships_contains_paid_content":false,"footnotes":""},"categories":[5,1],"tags":[],"class_list":["post-55203","post","type-post","status-publish","format-standard","has-post-thumbnail","hentry","category-informacion-general","category-portada"],"jetpack_featured_media_url":"https:\/\/i0.wp.com\/cdnoticias.com\/wp-content\/uploads\/2022\/05\/Biblioteca-Gandhi.jpg?fit=800%2C533&ssl=1","jetpack_sharing_enabled":true,"_links":{"self":[{"href":"https:\/\/cdnoticias.com\/index.php\/wp-json\/wp\/v2\/posts\/55203","targetHints":{"allow":["GET"]}}],"collection":[{"href":"https:\/\/cdnoticias.com\/index.php\/wp-json\/wp\/v2\/posts"}],"about":[{"href":"https:\/\/cdnoticias.com\/index.php\/wp-json\/wp\/v2\/types\/post"}],"author":[{"embeddable":true,"href":"https:\/\/cdnoticias.com\/index.php\/wp-json\/wp\/v2\/users\/6"}],"replies":[{"embeddable":true,"href":"https:\/\/cdnoticias.com\/index.php\/wp-json\/wp\/v2\/comments?post=55203"}],"version-history":[{"count":0,"href":"https:\/\/cdnoticias.com\/index.php\/wp-json\/wp\/v2\/posts\/55203\/revisions"}],"wp:featuredmedia":[{"embeddable":true,"href":"https:\/\/cdnoticias.com\/index.php\/wp-json\/wp\/v2\/media\/55204"}],"wp:attachment":[{"href":"https:\/\/cdnoticias.com\/index.php\/wp-json\/wp\/v2\/media?parent=55203"}],"wp:term":[{"taxonomy":"category","embeddable":true,"href":"https:\/\/cdnoticias.com\/index.php\/wp-json\/wp\/v2\/categories?post=55203"},{"taxonomy":"post_tag","embeddable":true,"href":"https:\/\/cdnoticias.com\/index.php\/wp-json\/wp\/v2\/tags?post=55203"}],"curies":[{"name":"wp","href":"https:\/\/api.w.org\/{rel}","templated":true}]}}