{"id":55194,"date":"2022-05-20T18:23:19","date_gmt":"2022-05-20T21:23:19","guid":{"rendered":"https:\/\/www.centraldenoticias.com.ar\/?p=55194"},"modified":"2022-05-20T18:23:19","modified_gmt":"2022-05-20T21:23:19","slug":"covid-19-se-detectaron-42-casos-nuevos-en-olavarria","status":"publish","type":"post","link":"https:\/\/cdnoticias.com\/index.php\/2022\/05\/20\/covid-19-se-detectaron-42-casos-nuevos-en-olavarria\/","title":{"rendered":"Covid 19: se detectaron 42 casos nuevos en Olavarr\u00eda"},"content":{"rendered":"<p>Hay un paciente internado en Cuidados Generales y uno en la Unidad de Terapia Intensiva del Hospital Municipal \u00abDr. H\u00e9ctor Cura\u00bb.<!--more--><\/p>\n<hr \/>\n<p>&nbsp;<\/p>\n<p>La <strong>Secretar\u00eda de Salud<\/strong> del Municipio emiti\u00f3 el informe sanitario correspondiente a la<strong> semana del 16 al 20 de mayo de 2022.<\/strong><\/p>\n<p>&nbsp;<\/p>\n<p>Del mismo se desprende que fueron 222 los testeos que se realizaron, de los cuales <strong>42 fueron positivos y 180 negativos para Covid-19.<\/strong><\/p>\n<p>&nbsp;<\/p>\n<p><img data-recalc-dims=\"1\" loading=\"lazy\" decoding=\"async\" class=\"aligncenter wp-image-55195 size-large\" src=\"https:\/\/i0.wp.com\/cdnoticias.com\/wp-content\/uploads\/2022\/05\/WhatsApp-Image-2022-05-20-at-6.04.55-PM-3-1024x1024.jpeg?resize=800%2C800&#038;ssl=1\" alt=\"\" width=\"800\" height=\"800\" \/><\/p>\n<p>&nbsp;<\/p>\n<p>En la semana, adem\u00e1s, <strong>diecisiete pacientes recibieron el alta m\u00e9dica,<\/strong> por lo que son 61 las personas que transitan la enfermedad en Olavarr\u00eda. <strong>La mayor\u00eda de los pacientes activos tiene menos de 60 a\u00f1os.<\/strong><\/p>\n<p>&nbsp;<\/p>\n<p><img data-recalc-dims=\"1\" loading=\"lazy\" decoding=\"async\" class=\"aligncenter wp-image-55196 size-large\" src=\"https:\/\/i0.wp.com\/cdnoticias.com\/wp-content\/uploads\/2022\/05\/WhatsApp-Image-2022-05-20-at-6.04.55-PM-4-1024x1024.jpeg?resize=800%2C800&#038;ssl=1\" alt=\"\" width=\"800\" height=\"800\" \/><\/p>\n<p>&nbsp;<\/p>\n<p>La Secretar\u00eda de Salud indic\u00f3 que <strong>la positividad fue de 18.9%<\/strong> y que hay un paciente internado en Cuidados Generales y uno en la Unidad de Terapia Intensiva del Hospital Municipal \u00abDr. H\u00e9ctor Cura\u00bb.<\/p>\n<p>&nbsp;<\/p>\n","protected":false},"excerpt":{"rendered":"<p>Hay un paciente internado en Cuidados Generales y uno en la Unidad de Terapia Intensiva del Hospital Municipal \u00abDr. H\u00e9ctor<\/p>\n","protected":false},"author":6,"featured_media":50369,"comment_status":"closed","ping_status":"closed","sticky":false,"template":"","format":"standard","meta":{"_jetpack_memberships_contains_paid_content":false,"footnotes":""},"categories":[16,1],"tags":[],"class_list":["post-55194","post","type-post","status-publish","format-standard","has-post-thumbnail","hentry","category-covid-19","category-portada"],"jetpack_featured_media_url":"https:\/\/i0.wp.com\/cdnoticias.com\/wp-content\/uploads\/2022\/03\/Hospital-Municipal-Drone.jpg?fit=800%2C445&ssl=1","jetpack_sharing_enabled":true,"_links":{"self":[{"href":"https:\/\/cdnoticias.com\/index.php\/wp-json\/wp\/v2\/posts\/55194","targetHints":{"allow":["GET"]}}],"collection":[{"href":"https:\/\/cdnoticias.com\/index.php\/wp-json\/wp\/v2\/posts"}],"about":[{"href":"https:\/\/cdnoticias.com\/index.php\/wp-json\/wp\/v2\/types\/post"}],"author":[{"embeddable":true,"href":"https:\/\/cdnoticias.com\/index.php\/wp-json\/wp\/v2\/users\/6"}],"replies":[{"embeddable":true,"href":"https:\/\/cdnoticias.com\/index.php\/wp-json\/wp\/v2\/comments?post=55194"}],"version-history":[{"count":0,"href":"https:\/\/cdnoticias.com\/index.php\/wp-json\/wp\/v2\/posts\/55194\/revisions"}],"wp:featuredmedia":[{"embeddable":true,"href":"https:\/\/cdnoticias.com\/index.php\/wp-json\/wp\/v2\/media\/50369"}],"wp:attachment":[{"href":"https:\/\/cdnoticias.com\/index.php\/wp-json\/wp\/v2\/media?parent=55194"}],"wp:term":[{"taxonomy":"category","embeddable":true,"href":"https:\/\/cdnoticias.com\/index.php\/wp-json\/wp\/v2\/categories?post=55194"},{"taxonomy":"post_tag","embeddable":true,"href":"https:\/\/cdnoticias.com\/index.php\/wp-json\/wp\/v2\/tags?post=55194"}],"curies":[{"name":"wp","href":"https:\/\/api.w.org\/{rel}","templated":true}]}}