{"id":55154,"date":"2022-05-20T12:34:53","date_gmt":"2022-05-20T15:34:53","guid":{"rendered":"https:\/\/www.centraldenoticias.com.ar\/?p=55154"},"modified":"2022-05-20T12:34:53","modified_gmt":"2022-05-20T15:34:53","slug":"aguilera-estuvo-presente-en-la-firma-de-contrato-para-la-obra-de-acceso-a-sierras-bayas","status":"publish","type":"post","link":"https:\/\/cdnoticias.com\/index.php\/2022\/05\/20\/aguilera-estuvo-presente-en-la-firma-de-contrato-para-la-obra-de-acceso-a-sierras-bayas\/","title":{"rendered":"Aguilera estuvo presente en la firma de contrato para la obra de acceso a Sierras Bayas"},"content":{"rendered":"<p>En el mismo acto se rubric\u00f3 la realizaci\u00f3n del tramo de la ruta N\u00b0 3 de San Miguel del Monte hasta Gorchs.<!--more--><\/p>\n<hr \/>\n<p>\u201cEn #Ca\u00f1uelas en la firma de contratos de dos obras muy demandadas como son el acceso a Sierras Bayas y la realizaci\u00f3n del tramo de la Ruta Nacional N\u00b0 3 que va de San Miguel del Monte hasta el acceso a Gorchs, comienza a concretarse la tan esperada Autov\u00eda\u201d, se\u00f1al\u00f3 el <strong>subsecretario de Miner\u00eda bonaerense Federico Aguilera<\/strong> presente en el acto.<\/p>\n<p>&nbsp;<\/p>\n<p>Adem\u00e1s, resalt\u00f3 que \u201ccada obra es m\u00e1s empleo, desarrollo, seguridad y calidad de vida para los vecinos y las vecinas. Es un orgullo y una gran alegr\u00eda ver concretarse estas dos obras\u201d.<\/p>\n<p>&nbsp;<\/p>\n<p>Recordemos que con <strong>la Direcci\u00f3n Nacional de Vialidad adjudic\u00f3 el 12 de abril la obra de reforma del acceso a Sierras Bayas.<\/strong> <a href=\"https:\/\/cdnoticias.com\/index.php\/2022\/04\/21\/la-empresa-paolini-hnos-sa-reformara-el-acceso-a-sierras-bayas-por-ruta-226\/\" target=\"_blank\" rel=\"noopener\">La empresa adjudicataria result\u00f3 Paolini Hnos SA por 668 millones de pesos.<\/a><\/p>\n<p>&nbsp;<\/p>\n<p>Esta obra fue solicitada por funcionarios del Frente de Todos, encabezados por Federico Aguilera, al Ministerio de Obras P\u00fablicas de la Naci\u00f3n, a cargo de Gabriel Katopodis. \u201cEsta es una de las obras m\u00e1s pedidas por los vecinos de la localidad y el Partido en general y sin lugar a dudas garantiza mayor seguridad para las personas que a diario transitan all\u00ed\u201d resalt\u00f3 Aguilera por aquellos d\u00edas.<\/p>\n<p>&nbsp;<\/p>\n<blockquote class=\"twitter-tweet\" data-width=\"550\" data-dnt=\"true\">\n<p lang=\"es\" dir=\"ltr\">En <a href=\"https:\/\/twitter.com\/hashtag\/Ca%C3%B1uelas?src=hash&amp;ref_src=twsrc%5Etfw\">#Ca\u00f1uelas<\/a> en la firma de contratos de dos obras muy demandadas como son el acceso a Sierras Bayas y la realizaci\u00f3n del tramo de la Ruta Nacional N\u00b0 3 que va de San Miguel del Monte hasta el acceso a Gorchs, comienza a concretarse la tan esperada Autov\u00eda. <a href=\"https:\/\/t.co\/FtWwLJy2PR\">pic.twitter.com\/FtWwLJy2PR<\/a><\/p>\n<p>&mdash; Federico Aguilera (@FedericoAguile5) <a href=\"https:\/\/twitter.com\/FedericoAguile5\/status\/1527638390996443137?ref_src=twsrc%5Etfw\">May 20, 2022<\/a><\/p><\/blockquote>\n<p><script async src=\"https:\/\/platform.twitter.com\/widgets.js\" charset=\"utf-8\"><\/script><\/p>\n<p>&nbsp;<\/p>\n<p><strong>\u00a0Caracter\u00edsticas de la obra<\/strong><\/p>\n<p>&nbsp;<\/p>\n<p>El plazo de obra es de<strong> 18 meses<\/strong> y la reforma consistir\u00e1 en <strong>\u201cun distribuidor tipo diamante con pesas, en alto nivel\u201d<\/strong> a emplazarse al suroeste del actual camino de acceso a la localidad de Sierras Bayas con el fin de no afectar las edificaciones existentes. La longitud del camino transversal es de 762,42 metros.<\/p>\n<p>&nbsp;<\/p>\n<p>\u201cSe opt\u00f3 por un puente, que, desde el punto de vista estructural, responde a la tipolog\u00eda de \u00b4Puente Viga\u00b4, conformado mediante un tramo simplemente apoyado de 31.90 metros de longitud\u201d se detall\u00f3 en el proyecto.<\/p>\n<p>&nbsp;<\/p>\n<p>El objetivo de esta intervenci\u00f3n vial es \u201cfacilitar el entrecruzamiento del tr\u00e1nsito que existe actualmente en la zona y brindar mayor seguridad para los usuarios disminuyendo los \u00edndices de accidentes\u201d indicaron desde Vialidad Nacional.<\/p>\n<p>&nbsp;<\/p>\n<p>El objetivo de esta intervenci\u00f3n vial es \u201cfacilitar el entrecruzamiento del tr\u00e1nsito que existe actualmente en la zona y brindar mayor seguridad para los usuarios disminuyendo los \u00edndices de accidentes\u201d se indic\u00f3 desde Vialidad Nacional.<\/p>\n","protected":false},"excerpt":{"rendered":"<p>En el mismo acto se rubric\u00f3 la realizaci\u00f3n del tramo de la ruta N\u00b0 3 de San Miguel del Monte<\/p>\n","protected":false},"author":5,"featured_media":55155,"comment_status":"closed","ping_status":"closed","sticky":false,"template":"","format":"standard","meta":{"_jetpack_memberships_contains_paid_content":false,"footnotes":""},"categories":[4,1],"tags":[],"class_list":["post-55154","post","type-post","status-publish","format-standard","has-post-thumbnail","hentry","category-politica","category-portada"],"jetpack_featured_media_url":"https:\/\/i0.wp.com\/cdnoticias.com\/wp-content\/uploads\/2022\/05\/aguilera-acceso-sierras-bayas01.jpg?fit=1910%2C1146&ssl=1","jetpack_sharing_enabled":true,"_links":{"self":[{"href":"https:\/\/cdnoticias.com\/index.php\/wp-json\/wp\/v2\/posts\/55154","targetHints":{"allow":["GET"]}}],"collection":[{"href":"https:\/\/cdnoticias.com\/index.php\/wp-json\/wp\/v2\/posts"}],"about":[{"href":"https:\/\/cdnoticias.com\/index.php\/wp-json\/wp\/v2\/types\/post"}],"author":[{"embeddable":true,"href":"https:\/\/cdnoticias.com\/index.php\/wp-json\/wp\/v2\/users\/5"}],"replies":[{"embeddable":true,"href":"https:\/\/cdnoticias.com\/index.php\/wp-json\/wp\/v2\/comments?post=55154"}],"version-history":[{"count":0,"href":"https:\/\/cdnoticias.com\/index.php\/wp-json\/wp\/v2\/posts\/55154\/revisions"}],"wp:featuredmedia":[{"embeddable":true,"href":"https:\/\/cdnoticias.com\/index.php\/wp-json\/wp\/v2\/media\/55155"}],"wp:attachment":[{"href":"https:\/\/cdnoticias.com\/index.php\/wp-json\/wp\/v2\/media?parent=55154"}],"wp:term":[{"taxonomy":"category","embeddable":true,"href":"https:\/\/cdnoticias.com\/index.php\/wp-json\/wp\/v2\/categories?post=55154"},{"taxonomy":"post_tag","embeddable":true,"href":"https:\/\/cdnoticias.com\/index.php\/wp-json\/wp\/v2\/tags?post=55154"}],"curies":[{"name":"wp","href":"https:\/\/api.w.org\/{rel}","templated":true}]}}