{"id":55147,"date":"2022-05-20T11:10:18","date_gmt":"2022-05-20T14:10:18","guid":{"rendered":"https:\/\/www.centraldenoticias.com.ar\/?p=55147"},"modified":"2022-05-20T12:57:22","modified_gmt":"2022-05-20T15:57:22","slug":"secuestro-extorsivo-en-barrio-lujan-se-planteo-la-competencia-del-fuero-federal-pero-fue-rechazada","status":"publish","type":"post","link":"https:\/\/cdnoticias.com\/index.php\/2022\/05\/20\/secuestro-extorsivo-en-barrio-lujan-se-planteo-la-competencia-del-fuero-federal-pero-fue-rechazada\/","title":{"rendered":"Secuestro extorsivo en barrio Luj\u00e1n: se plante\u00f3 la competencia del fuero federal, pero fue rechazada"},"content":{"rendered":"<p>Con la detenci\u00f3n de los imputados del hecho que sucedi\u00f3 a principios de marzo, se conocieron detalles de la causa penal que ahora volvi\u00f3 a tramitar en la UFI N\u00ba 7.<!--more--><\/p>\n<hr \/>\n<p><a href=\"https:\/\/cdnoticias.com\/index.php\/2022\/05\/19\/por-varias-causas-graves-detuvieron-a-tres-personas-en-allanamientos\/\" target=\"_blank\" rel=\"noopener\">En la jornada del jueves se concretaron las detenciones de tres personas acusadas por un secuestro extorsivo<\/a> que se dio en Olavarr\u00eda en los primeros d\u00edas de marzo. <strong>Central de Noticias<\/strong> consult\u00f3 a fuentes vinculadas al caso quienes explicaron algunos detalles.<\/p>\n<p>&nbsp;<\/p>\n<p>Las averiguaciones est\u00e1n a cargo de la UFI N\u00ba 7 que encabeza el fiscal Christian Url\u00e9zaga. Desde esa dependencia del Ministerio P\u00fablico<strong> se tomaron las \u201cmedidas urgentes\u201d tras la denuncia de lo sucedido, aunque despu\u00e9s se plante\u00f3 la incompetencia <\/strong>ya que el secuestro extorsivo es un delito del \u00e1mbito federal. Pasados dos meses, <strong>la Justicia Federal de Azul rechaz\u00f3 intervenir ya que consider\u00f3 que se trat\u00f3 de un caso aislado<\/strong>, y la causa volvi\u00f3 a la UFI N\u00ba 7.<\/p>\n<p>&nbsp;<\/p>\n<p>En ese contexto es que el jueves, el Juzgado de Garant\u00edas N\u00ba 1 otorg\u00f3 las \u00f3rdenes de detenci\u00f3n y se procedi\u00f3 en ese sentido. <strong>Durante este viernes, el fiscal Url\u00e9zaga citar\u00e1 a los imputados para tomarles declaraci\u00f3n<\/strong> en los t\u00e9rminos del art\u00edculo 308 del C\u00f3digo Procesal.<\/p>\n<p>&nbsp;<\/p>\n<p>Todos est\u00e1n acusados por <strong>\u201camenazas, lesiones graves, privaci\u00f3n ilegal de la libertad y robo agravado\u201d<\/strong>.<\/p>\n<p>&nbsp;<\/p>\n<p><img data-recalc-dims=\"1\" loading=\"lazy\" decoding=\"async\" class=\"size-large wp-image-55119 aligncenter\" src=\"https:\/\/i0.wp.com\/cdnoticias.com\/wp-content\/uploads\/2022\/05\/WhatsApp-Image-2022-05-19-at-7.47.56-PM-2.jpeg?resize=800%2C600&#038;ssl=1\" alt=\"\" width=\"800\" height=\"600\" srcset=\"https:\/\/i0.wp.com\/cdnoticias.com\/wp-content\/uploads\/2022\/05\/WhatsApp-Image-2022-05-19-at-7.47.56-PM-2.jpeg?resize=1024%2C768&amp;ssl=1 1024w, https:\/\/i0.wp.com\/cdnoticias.com\/wp-content\/uploads\/2022\/05\/WhatsApp-Image-2022-05-19-at-7.47.56-PM-2.jpeg?resize=300%2C225&amp;ssl=1 300w, https:\/\/i0.wp.com\/cdnoticias.com\/wp-content\/uploads\/2022\/05\/WhatsApp-Image-2022-05-19-at-7.47.56-PM-2.jpeg?resize=768%2C576&amp;ssl=1 768w, https:\/\/i0.wp.com\/cdnoticias.com\/wp-content\/uploads\/2022\/05\/WhatsApp-Image-2022-05-19-at-7.47.56-PM-2.jpeg?resize=1536%2C1152&amp;ssl=1 1536w, https:\/\/i0.wp.com\/cdnoticias.com\/wp-content\/uploads\/2022\/05\/WhatsApp-Image-2022-05-19-at-7.47.56-PM-2.jpeg?w=1600&amp;ssl=1 1600w\" sizes=\"auto, (max-width: 800px) 100vw, 800px\" \/><\/p>\n<p>&nbsp;<\/p>\n<p><strong>Los elementos en la causa<\/strong><\/p>\n<p>&nbsp;<\/p>\n<p>En este tipo de delito se cuentan<strong> dos v\u00edctimas, el secuestrado y quien recibe la extorsi\u00f3n<\/strong>, en este caso un familiar del hombre que permaneci\u00f3 privado de la libertad por alrededor de cinco horas en una vivienda de barrio Luj\u00e1n, una de las allanadas este jueves.<\/p>\n<p>&nbsp;<\/p>\n<p>A su vez, <strong>el hombre que estaba secuestrado sufri\u00f3 el robo de las pertenencias que llevaba<\/strong>, entre ellas una billetera con dinero en efectivo.<\/p>\n<p>&nbsp;<\/p>\n<p>Sus declaraciones m\u00e1s las de algunos testigos fueron recabadas por los investigadores. Adem\u00e1s, se contaron <strong>los primeros allanamientos que tambi\u00e9n se concretaron en las viviendas de Dorrego al 4000, Moya al 2500 y Amparo Castro al 4400<\/strong>. En todos los casos el resultado fue positivo con el secuestro de elementos que avalaron los dichos de las v\u00edctimas. De esa manera <strong>se consider\u00f3 acreditado el \u201csecuestro extorsivo\u201d<\/strong>: la privaci\u00f3n ilegal de la libertad y la demanda de un pago para su liberaci\u00f3n.<\/p>\n<p>&nbsp;<\/p>\n<p>Una vez efectuadas esas diligencias, <strong>el fiscal Url\u00e9zaga plante\u00f3 la incompetencia de la justicia ordinaria en el caso de \u201csecuestro extorsivo agravado y robo doblemente agravado\u201d<\/strong>.<\/p>\n<p>&nbsp;<\/p>\n<p><img data-recalc-dims=\"1\" loading=\"lazy\" decoding=\"async\" class=\"size-large wp-image-55120 aligncenter\" src=\"https:\/\/i0.wp.com\/cdnoticias.com\/wp-content\/uploads\/2022\/05\/WhatsApp-Image-2022-05-19-at-7.47.56-PM-1.jpeg?resize=800%2C600&#038;ssl=1\" alt=\"\" width=\"800\" height=\"600\" srcset=\"https:\/\/i0.wp.com\/cdnoticias.com\/wp-content\/uploads\/2022\/05\/WhatsApp-Image-2022-05-19-at-7.47.56-PM-1.jpeg?resize=1024%2C768&amp;ssl=1 1024w, https:\/\/i0.wp.com\/cdnoticias.com\/wp-content\/uploads\/2022\/05\/WhatsApp-Image-2022-05-19-at-7.47.56-PM-1.jpeg?resize=300%2C225&amp;ssl=1 300w, https:\/\/i0.wp.com\/cdnoticias.com\/wp-content\/uploads\/2022\/05\/WhatsApp-Image-2022-05-19-at-7.47.56-PM-1.jpeg?resize=768%2C576&amp;ssl=1 768w, https:\/\/i0.wp.com\/cdnoticias.com\/wp-content\/uploads\/2022\/05\/WhatsApp-Image-2022-05-19-at-7.47.56-PM-1.jpeg?resize=1536%2C1152&amp;ssl=1 1536w, https:\/\/i0.wp.com\/cdnoticias.com\/wp-content\/uploads\/2022\/05\/WhatsApp-Image-2022-05-19-at-7.47.56-PM-1.jpeg?w=1600&amp;ssl=1 1600w\" sizes=\"auto, (max-width: 800px) 100vw, 800px\" \/><\/p>\n<p>&nbsp;<\/p>\n<p><strong>La competencia y las claves de un delito de secuestro extorsivo<\/strong><\/p>\n<p>&nbsp;<\/p>\n<p>El Juzgado de Garant\u00edas N\u00ba 1 a cargo de la jueza Fabiana San Rom\u00e1n elev\u00f3 el planteo de incompetencia a la Justicia Federal de Azul. En aquella instancia <strong>intervinieron la Fiscal\u00eda y el Juzgado Federal desde donde se retom\u00f3 lo planteado por un fallo de la Corte Suprema de Justicia de la Naci\u00f3n<\/strong> que establece en qu\u00e9 circunstancias un secuestro extorsivo constituye un delito federal.<\/p>\n<p>&nbsp;<\/p>\n<blockquote><p>Entre ellos se cuenta la intervenci\u00f3n de \u201cuna banda\u201d que se dedique a ese tipo de delitos, o cuando se dan distintos hechos, o cuando tienen trascendencia nacional con actuaci\u00f3n interjurisdiccional, o cuando entre los delincuentes se cuenta un integrante de una fuerza de seguridad. En el caso que se dio en nuestra ciudad no se verific\u00f3 ninguna de estas pautas, y m\u00e1s bien se consider\u00f3 que el secuestro fue un hecho aislado.<\/p><\/blockquote>\n<p>&nbsp;<\/p>\n<p>Con todo ello, <strong>en el transcurso de esta semana la causa volvi\u00f3 a manos de la jueza San Rom\u00e1n<\/strong> quien acept\u00f3 la competencia nuevamente y reenvi\u00f3 el expediente a la UFI N\u00ba 7 que avanz\u00f3 con las detenciones.<\/p>\n<p>&nbsp;<\/p>\n<p>De esta forma, <strong>una mujer de 43 a\u00f1os y dos hombres de 35 y 34 a\u00f1os est\u00e1n imputados y detenidos<\/strong> por estos delitos.<\/p>\n","protected":false},"excerpt":{"rendered":"<p>Con la detenci\u00f3n de los imputados del hecho que sucedi\u00f3 a principios de marzo, se conocieron detalles de la causa<\/p>\n","protected":false},"author":4,"featured_media":55150,"comment_status":"closed","ping_status":"closed","sticky":false,"template":"","format":"standard","meta":{"_jetpack_memberships_contains_paid_content":false,"footnotes":""},"categories":[14,1],"tags":[],"class_list":["post-55147","post","type-post","status-publish","format-standard","has-post-thumbnail","hentry","category-policiales","category-portada"],"jetpack_featured_media_url":"https:\/\/i0.wp.com\/cdnoticias.com\/wp-content\/uploads\/2022\/05\/detenidos-secuestro-extorsivo.jpg?fit=800%2C445&ssl=1","jetpack_sharing_enabled":true,"_links":{"self":[{"href":"https:\/\/cdnoticias.com\/index.php\/wp-json\/wp\/v2\/posts\/55147","targetHints":{"allow":["GET"]}}],"collection":[{"href":"https:\/\/cdnoticias.com\/index.php\/wp-json\/wp\/v2\/posts"}],"about":[{"href":"https:\/\/cdnoticias.com\/index.php\/wp-json\/wp\/v2\/types\/post"}],"author":[{"embeddable":true,"href":"https:\/\/cdnoticias.com\/index.php\/wp-json\/wp\/v2\/users\/4"}],"replies":[{"embeddable":true,"href":"https:\/\/cdnoticias.com\/index.php\/wp-json\/wp\/v2\/comments?post=55147"}],"version-history":[{"count":0,"href":"https:\/\/cdnoticias.com\/index.php\/wp-json\/wp\/v2\/posts\/55147\/revisions"}],"wp:featuredmedia":[{"embeddable":true,"href":"https:\/\/cdnoticias.com\/index.php\/wp-json\/wp\/v2\/media\/55150"}],"wp:attachment":[{"href":"https:\/\/cdnoticias.com\/index.php\/wp-json\/wp\/v2\/media?parent=55147"}],"wp:term":[{"taxonomy":"category","embeddable":true,"href":"https:\/\/cdnoticias.com\/index.php\/wp-json\/wp\/v2\/categories?post=55147"},{"taxonomy":"post_tag","embeddable":true,"href":"https:\/\/cdnoticias.com\/index.php\/wp-json\/wp\/v2\/tags?post=55147"}],"curies":[{"name":"wp","href":"https:\/\/api.w.org\/{rel}","templated":true}]}}