{"id":55144,"date":"2022-05-20T09:01:10","date_gmt":"2022-05-20T12:01:10","guid":{"rendered":"https:\/\/www.centraldenoticias.com.ar\/?p=55144"},"modified":"2022-05-20T09:01:10","modified_gmt":"2022-05-20T12:01:10","slug":"por-las-bajas-temperaturas-realizaran-hisopados-dentro-del-hospital","status":"publish","type":"post","link":"https:\/\/cdnoticias.com\/index.php\/2022\/05\/20\/por-las-bajas-temperaturas-realizaran-hisopados-dentro-del-hospital\/","title":{"rendered":"Por las bajas temperaturas, realizar\u00e1n hisopados dentro del Hospital"},"content":{"rendered":"<p>Se concretar\u00e1n en la ex guardia por calle Alsina. Se realizan de lunes a viernes de 11 a 12 solo a quienes cumplan con los nuevos criterios de testeos.<!--more--><\/p>\n<hr \/>\n<p>Debido a las bajas temperaturas, desde el Municipio se inform\u00f3 que los hisopados Covid que se realizaban en el m\u00f3dulo ubicado frente al Hospital Municipal \u201cDr. H\u00e9ctor Cura\u201d, <strong>se llevar\u00e1n a cabo dentro del centro de salud.<\/strong><\/p>\n<p>&nbsp;<\/p>\n<p>De esta forma, <strong>se concretar\u00e1n de 11 a 12 en la \u201cguardia vieja\u201d, por calle Alsina.<\/strong> Indicaron que el ingreso es por la puerta de la ex guardia y la atenci\u00f3n se habilitar\u00e1 minutos antes del horario pautado. Advirtieron que no se puede acceder por los pasillos internos del Hospital.<\/p>\n<p>&nbsp;<\/p>\n<p>Seg\u00fan las \u00faltimas disposiciones, los testeos se practicar\u00e1n a aquellas personas que presenten sintomatolog\u00eda compatible con Covid-19 (en lo que se enumer\u00f3 tos, odinofagia, dificultad para respirar, v\u00f3mitos\/diarrea, cefalea\/mialgias, rinitis\/congesti\u00f3n nasal), que no hayan presentado contacto estrecho con un caso confirmado de Covid-19 y cumplan con los <strong>siguientes criterios<\/strong>:<\/p>\n<p>&nbsp;<\/p>\n<p>Paciente mayor de 50 a\u00f1os<\/p>\n<p>Posee patolog\u00eda de riesgo<\/p>\n<p>Est\u00e1 cursando embarazo<\/p>\n<p>Personal de salud<\/p>\n<p>Bomberos<\/p>\n<p>Docentes<\/p>\n<p>Polic\u00eda y personal de seguridad<\/p>\n<p>Residencias de adultos mayores<\/p>\n<p>Instituciones neuropsiqui\u00e1tricas<\/p>\n<p>Hogares de ni\u00f1as y ni\u00f1os y adolescentes, comunidades terap\u00e9uticas, residencias para personas con discapacidad<\/p>\n<p>Fuerzas de seguridad y Fuerzas Armadas<\/p>\n<p>Personas que brinden asistencia a personas mayores o con discapacidad.<\/p>\n<p>&nbsp;<\/p>\n<p>En ese sentido, se aclar\u00f3 que \u201cno requieren testeo, y que el diagn\u00f3stico se realiza por criterio cl\u00ednico-epidemiol\u00f3gico, pacientes con s\u00edntomas compatibles para Covid19 que no cumplan con los criterios mencionados previamente y\/o contactos estrechos con s\u00edntomas compatibles con Covid19\u201d.<\/p>\n","protected":false},"excerpt":{"rendered":"<p>Se concretar\u00e1n en la ex guardia por calle Alsina. Se realizan de lunes a viernes de 11 a 12 solo<\/p>\n","protected":false},"author":5,"featured_media":11814,"comment_status":"closed","ping_status":"closed","sticky":false,"template":"","format":"standard","meta":{"_jetpack_memberships_contains_paid_content":false,"footnotes":""},"categories":[5,1],"tags":[],"class_list":["post-55144","post","type-post","status-publish","format-standard","has-post-thumbnail","hentry","category-informacion-general","category-portada"],"jetpack_featured_media_url":"https:\/\/i0.wp.com\/cdnoticias.com\/wp-content\/uploads\/2021\/01\/Salud-Modulo-testeos-Hospital-3-1024x682.jpg?fit=1024%2C682&ssl=1","jetpack_sharing_enabled":true,"_links":{"self":[{"href":"https:\/\/cdnoticias.com\/index.php\/wp-json\/wp\/v2\/posts\/55144","targetHints":{"allow":["GET"]}}],"collection":[{"href":"https:\/\/cdnoticias.com\/index.php\/wp-json\/wp\/v2\/posts"}],"about":[{"href":"https:\/\/cdnoticias.com\/index.php\/wp-json\/wp\/v2\/types\/post"}],"author":[{"embeddable":true,"href":"https:\/\/cdnoticias.com\/index.php\/wp-json\/wp\/v2\/users\/5"}],"replies":[{"embeddable":true,"href":"https:\/\/cdnoticias.com\/index.php\/wp-json\/wp\/v2\/comments?post=55144"}],"version-history":[{"count":0,"href":"https:\/\/cdnoticias.com\/index.php\/wp-json\/wp\/v2\/posts\/55144\/revisions"}],"wp:featuredmedia":[{"embeddable":true,"href":"https:\/\/cdnoticias.com\/index.php\/wp-json\/wp\/v2\/media\/11814"}],"wp:attachment":[{"href":"https:\/\/cdnoticias.com\/index.php\/wp-json\/wp\/v2\/media?parent=55144"}],"wp:term":[{"taxonomy":"category","embeddable":true,"href":"https:\/\/cdnoticias.com\/index.php\/wp-json\/wp\/v2\/categories?post=55144"},{"taxonomy":"post_tag","embeddable":true,"href":"https:\/\/cdnoticias.com\/index.php\/wp-json\/wp\/v2\/tags?post=55144"}],"curies":[{"name":"wp","href":"https:\/\/api.w.org\/{rel}","templated":true}]}}