{"id":55139,"date":"2022-05-20T08:28:48","date_gmt":"2022-05-20T11:28:48","guid":{"rendered":"https:\/\/www.centraldenoticias.com.ar\/?p=55139"},"modified":"2022-05-20T11:10:32","modified_gmt":"2022-05-20T14:10:32","slug":"pedido-de-detencion-para-el-hombre-que-tenia-mas-de-dos-kilos-de-cocaina","status":"publish","type":"post","link":"https:\/\/cdnoticias.com\/index.php\/2022\/05\/20\/pedido-de-detencion-para-el-hombre-que-tenia-mas-de-dos-kilos-de-cocaina\/","title":{"rendered":"Pedido de detenci\u00f3n para el hombre que ten\u00eda m\u00e1s de dos kilos de coca\u00edna"},"content":{"rendered":"<p>En la ma\u00f1ana del jueves se realiz\u00f3 la audiencia en los t\u00e9rminos del art\u00edculo 308: el acusado, de 43 a\u00f1os, se neg\u00f3 a declarar.<!--more--><\/p>\n<hr \/>\n<p><strong>La UFI N\u00ba 19 local, especializada en delitos por drogas il\u00edcitas, cit\u00f3 para el jueves por la ma\u00f1ana al hombre de 43 a\u00f1os que hab\u00eda sido aprehendido en Azopardo al 4500<\/strong> donde fueron <a href=\"https:\/\/cdnoticias.com\/index.php\/2022\/05\/19\/secuestraron-mas-de-2-kilos-de-cocaina-y-hay-un-aprehendido\/\" target=\"_blank\" rel=\"noopener\">secuestrados m\u00e1s de 2 kilos de coca\u00edna valuada en unos 9 millones de pesos<\/a>.<\/p>\n<p>&nbsp;<\/p>\n<p>El titular de la UFI, Lucas Moyano, dispuso la realizaci\u00f3n de la audiencia en los t\u00e9rminos del art\u00edculo 308 del C\u00f3digo Procesal Penal. <strong>El aprehendido se neg\u00f3 a hacer declaraciones.<\/strong><\/p>\n<p>&nbsp;<\/p>\n<p>En tanto, <strong>el fiscal pidi\u00f3 la detenci\u00f3n<\/strong> con lo que ahora debe definir el Juzgado de Garant\u00edas N\u00ba 1 se avala la solicitud.<\/p>\n","protected":false},"excerpt":{"rendered":"<p>En la ma\u00f1ana del jueves se realiz\u00f3 la audiencia en los t\u00e9rminos del art\u00edculo 308: el acusado, de 43 a\u00f1os,<\/p>\n","protected":false},"author":4,"featured_media":55138,"comment_status":"closed","ping_status":"closed","sticky":false,"template":"","format":"standard","meta":{"_jetpack_memberships_contains_paid_content":false,"footnotes":""},"categories":[14,1],"tags":[],"class_list":["post-55139","post","type-post","status-publish","format-standard","has-post-thumbnail","hentry","category-policiales","category-portada"],"jetpack_featured_media_url":"https:\/\/i0.wp.com\/cdnoticias.com\/wp-content\/uploads\/2022\/05\/allanamiento-droga-azopardo-05.jpg?fit=1000%2C556&ssl=1","jetpack_sharing_enabled":true,"_links":{"self":[{"href":"https:\/\/cdnoticias.com\/index.php\/wp-json\/wp\/v2\/posts\/55139","targetHints":{"allow":["GET"]}}],"collection":[{"href":"https:\/\/cdnoticias.com\/index.php\/wp-json\/wp\/v2\/posts"}],"about":[{"href":"https:\/\/cdnoticias.com\/index.php\/wp-json\/wp\/v2\/types\/post"}],"author":[{"embeddable":true,"href":"https:\/\/cdnoticias.com\/index.php\/wp-json\/wp\/v2\/users\/4"}],"replies":[{"embeddable":true,"href":"https:\/\/cdnoticias.com\/index.php\/wp-json\/wp\/v2\/comments?post=55139"}],"version-history":[{"count":0,"href":"https:\/\/cdnoticias.com\/index.php\/wp-json\/wp\/v2\/posts\/55139\/revisions"}],"wp:featuredmedia":[{"embeddable":true,"href":"https:\/\/cdnoticias.com\/index.php\/wp-json\/wp\/v2\/media\/55138"}],"wp:attachment":[{"href":"https:\/\/cdnoticias.com\/index.php\/wp-json\/wp\/v2\/media?parent=55139"}],"wp:term":[{"taxonomy":"category","embeddable":true,"href":"https:\/\/cdnoticias.com\/index.php\/wp-json\/wp\/v2\/categories?post=55139"},{"taxonomy":"post_tag","embeddable":true,"href":"https:\/\/cdnoticias.com\/index.php\/wp-json\/wp\/v2\/tags?post=55139"}],"curies":[{"name":"wp","href":"https:\/\/api.w.org\/{rel}","templated":true}]}}