{"id":55134,"date":"2022-05-20T08:06:34","date_gmt":"2022-05-20T11:06:34","guid":{"rendered":"https:\/\/www.centraldenoticias.com.ar\/?p=55134"},"modified":"2022-05-20T08:06:34","modified_gmt":"2022-05-20T11:06:34","slug":"rodriguez-larreta-recorrio-avellaneda-y-se-reunio-con-comerciantes-y-vecinos","status":"publish","type":"post","link":"https:\/\/cdnoticias.com\/index.php\/2022\/05\/20\/rodriguez-larreta-recorrio-avellaneda-y-se-reunio-con-comerciantes-y-vecinos\/","title":{"rendered":"Rodr\u00edguez Larreta recorri\u00f3 Avellaneda y se reuni\u00f3 con comerciantes y vecinos"},"content":{"rendered":"<p>El mandatario de Juntos por el Cambio, y Jefe de Gobierno de la Ciudad de Buenos Aires, estuvo el jueves en la localidad bonaerense de Avellaneda.<!--more--><\/p>\n<hr \/>\n<p>Horacio Rodr\u00edguez Larreta <strong>recorri\u00f3 barrios, comercios y una f\u00e1brica<\/strong>, acompa\u00f1ado por el concejal Maximiliano Gallucci. Juntos visitaron, en Villa Dom\u00ednico, un<strong> taller mec\u00e1nico y una empresa familiar dedicada a la fabricaci\u00f3n de bolsones y contenedores.<\/strong><\/p>\n<p>&nbsp;<\/p>\n<p>Sobre la visita a la f\u00e1brica, Rodr\u00edguez Larreta destac\u00f3: \u201c<strong>Vi mucho empuje<\/strong>. Una PYME que produce y que quiere invertir si ven que la Argentina anda bien. Hay gente con muchas ganas, nosotros tenemos que ayudarlos a que puedan crecer y generar trabajo para salir adelante\u201d.<\/p>\n<p>&nbsp;<\/p>\n<p><img data-recalc-dims=\"1\" loading=\"lazy\" decoding=\"async\" class=\"aligncenter size-full wp-image-55135\" src=\"https:\/\/i0.wp.com\/cdnoticias.com\/wp-content\/uploads\/2022\/05\/h-2.jpg?resize=800%2C533&#038;ssl=1\" alt=\"\" width=\"800\" height=\"533\" srcset=\"https:\/\/i0.wp.com\/cdnoticias.com\/wp-content\/uploads\/2022\/05\/h-2.jpg?w=1280&amp;ssl=1 1280w, https:\/\/i0.wp.com\/cdnoticias.com\/wp-content\/uploads\/2022\/05\/h-2.jpg?resize=300%2C200&amp;ssl=1 300w, https:\/\/i0.wp.com\/cdnoticias.com\/wp-content\/uploads\/2022\/05\/h-2.jpg?resize=1024%2C682&amp;ssl=1 1024w, https:\/\/i0.wp.com\/cdnoticias.com\/wp-content\/uploads\/2022\/05\/h-2.jpg?resize=768%2C512&amp;ssl=1 768w, https:\/\/i0.wp.com\/cdnoticias.com\/wp-content\/uploads\/2022\/05\/h-2.jpg?resize=272%2C182&amp;ssl=1 272w\" sizes=\"auto, (max-width: 800px) 100vw, 800px\" \/><\/p>\n<p>&nbsp;<\/p>\n<p>Luego, Larreta y Gallucci fueron a Wilde para recorrer la zona comercial de Las Flores y hablar con comerciantes y vecinos. \u201c<strong>Los vecinos est\u00e1n muy golpeados por la inseguridad.<\/strong> Avellaneda necesita muchos cambios pero \u00e9se, sin dudas, es de los m\u00e1s urgentes; en todos los comercios y los barrios, los vecinos lo repiten. Le digo a la gente que se puede mejorar; si en la Capital lo mejoramos por qu\u00e9 no podemos hacerlo ac\u00e1\u201d, detall\u00f3 Rodr\u00edguez Larreta. Y remarc\u00f3: \u201cTambi\u00e9n preocupa mucho la inflaci\u00f3n, frente a un gobierno que no tiene plan para atacarla\u201d.<\/p>\n<p>&nbsp;<\/p>\n<p>Rodr\u00edguez Larreta vuelve este viernes a territorio bonaerense. Va a estar una vez m\u00e1s en <strong>La Matanza<\/strong>, donde el espacio Juntos por el Cambio re\u00fane a referentes de todo el pa\u00eds en una mesa para trabajar en pol\u00edticas sociales y de integraci\u00f3n<\/p>\n","protected":false},"excerpt":{"rendered":"<p>El mandatario de Juntos por el Cambio, y Jefe de Gobierno de la Ciudad de Buenos Aires, estuvo el jueves<\/p>\n","protected":false},"author":5,"featured_media":55136,"comment_status":"closed","ping_status":"closed","sticky":false,"template":"","format":"standard","meta":{"_jetpack_memberships_contains_paid_content":false,"footnotes":""},"categories":[6],"tags":[],"class_list":["post-55134","post","type-post","status-publish","format-standard","has-post-thumbnail","hentry","category-nacionales"],"jetpack_featured_media_url":"https:\/\/i0.wp.com\/cdnoticias.com\/wp-content\/uploads\/2022\/05\/h-avellaneda.jpg?fit=1280%2C853&ssl=1","jetpack_sharing_enabled":true,"_links":{"self":[{"href":"https:\/\/cdnoticias.com\/index.php\/wp-json\/wp\/v2\/posts\/55134","targetHints":{"allow":["GET"]}}],"collection":[{"href":"https:\/\/cdnoticias.com\/index.php\/wp-json\/wp\/v2\/posts"}],"about":[{"href":"https:\/\/cdnoticias.com\/index.php\/wp-json\/wp\/v2\/types\/post"}],"author":[{"embeddable":true,"href":"https:\/\/cdnoticias.com\/index.php\/wp-json\/wp\/v2\/users\/5"}],"replies":[{"embeddable":true,"href":"https:\/\/cdnoticias.com\/index.php\/wp-json\/wp\/v2\/comments?post=55134"}],"version-history":[{"count":0,"href":"https:\/\/cdnoticias.com\/index.php\/wp-json\/wp\/v2\/posts\/55134\/revisions"}],"wp:featuredmedia":[{"embeddable":true,"href":"https:\/\/cdnoticias.com\/index.php\/wp-json\/wp\/v2\/media\/55136"}],"wp:attachment":[{"href":"https:\/\/cdnoticias.com\/index.php\/wp-json\/wp\/v2\/media?parent=55134"}],"wp:term":[{"taxonomy":"category","embeddable":true,"href":"https:\/\/cdnoticias.com\/index.php\/wp-json\/wp\/v2\/categories?post=55134"},{"taxonomy":"post_tag","embeddable":true,"href":"https:\/\/cdnoticias.com\/index.php\/wp-json\/wp\/v2\/tags?post=55134"}],"curies":[{"name":"wp","href":"https:\/\/api.w.org\/{rel}","templated":true}]}}