{"id":55040,"date":"2022-05-19T11:59:32","date_gmt":"2022-05-19T14:59:32","guid":{"rendered":"https:\/\/www.centraldenoticias.com.ar\/?p=55040"},"modified":"2022-05-19T13:23:29","modified_gmt":"2022-05-19T16:23:29","slug":"la-helada-con-la-temperatura-mas-baja-en-olavarria","status":"publish","type":"post","link":"https:\/\/cdnoticias.com\/index.php\/2022\/05\/19\/la-helada-con-la-temperatura-mas-baja-en-olavarria\/","title":{"rendered":"La helada con la temperatura m\u00e1s baja en Olavarr\u00eda"},"content":{"rendered":"<p>Este mi\u00e9rcoles se dio la tercera helada meteorol\u00f3gica registrada por la Estaci\u00f3n local. A la 7:50 se dio la temperatura m\u00ednima: 2,1\u00ba bajo cero.<!--more--><\/p>\n<hr \/>\n<p><strong>Olavarr\u00eda amaneci\u00f3 helada<\/strong> este jueves y desde <strong>la Estaci\u00f3n Meteorol\u00f3gica local se inform\u00f3 que la temperatura m\u00ednima de la jornada se registr\u00f3 a las 7.50, alcanzando a 2,1\u00ba bajo cero<\/strong>.<\/p>\n<p>&nbsp;<\/p>\n<blockquote><p>A su vez, se detall\u00f3 que fue \u201cla tercera helada meteorol\u00f3gica del a\u00f1o y la m\u00e1s baja registrada\u201d.<\/p><\/blockquote>\n<p>&nbsp;<\/p>\n<p><img data-recalc-dims=\"1\" loading=\"lazy\" decoding=\"async\" class=\"size-full wp-image-55050 aligncenter\" src=\"https:\/\/i0.wp.com\/cdnoticias.com\/wp-content\/uploads\/2022\/05\/helada-01.jpg?resize=800%2C445&#038;ssl=1\" alt=\"\" width=\"800\" height=\"445\" srcset=\"https:\/\/i0.wp.com\/cdnoticias.com\/wp-content\/uploads\/2022\/05\/helada-01.jpg?w=800&amp;ssl=1 800w, https:\/\/i0.wp.com\/cdnoticias.com\/wp-content\/uploads\/2022\/05\/helada-01.jpg?resize=300%2C167&amp;ssl=1 300w, https:\/\/i0.wp.com\/cdnoticias.com\/wp-content\/uploads\/2022\/05\/helada-01.jpg?resize=768%2C427&amp;ssl=1 768w\" sizes=\"auto, (max-width: 800px) 100vw, 800px\" \/><\/p>\n<p>&nbsp;<\/p>\n<p>En las calles se observaban los <strong>pastos y plantas con la helada<\/strong>, as\u00ed como los autos que mostraban los signos de las condiciones del fr\u00edo.<\/p>\n<p>&nbsp;<\/p>\n<p><strong>Entre las 6 y las 9, los registros de la sede que funciona en el aer\u00f3dromo se mantuvieron bajo cero<\/strong>: la temperatura marc\u00f3 -1,4, -1,8, -1,6 y -1,4 respectivamente cada una hora.<\/p>\n<p>&nbsp;<\/p>\n<p><img data-recalc-dims=\"1\" loading=\"lazy\" decoding=\"async\" class=\"alignnone wp-image-55051\" src=\"https:\/\/i0.wp.com\/cdnoticias.com\/wp-content\/uploads\/2022\/05\/helada-02.jpg?resize=350%2C466&#038;ssl=1\" alt=\"\" width=\"350\" height=\"466\" srcset=\"https:\/\/i0.wp.com\/cdnoticias.com\/wp-content\/uploads\/2022\/05\/helada-02.jpg?w=400&amp;ssl=1 400w, https:\/\/i0.wp.com\/cdnoticias.com\/wp-content\/uploads\/2022\/05\/helada-02.jpg?resize=225%2C300&amp;ssl=1 225w\" sizes=\"auto, (max-width: 350px) 100vw, 350px\" \/> <img data-recalc-dims=\"1\" loading=\"lazy\" decoding=\"async\" class=\"alignnone wp-image-55052\" src=\"https:\/\/i0.wp.com\/cdnoticias.com\/wp-content\/uploads\/2022\/05\/helada-03.jpg?resize=350%2C466&#038;ssl=1\" alt=\"\" width=\"350\" height=\"466\" srcset=\"https:\/\/i0.wp.com\/cdnoticias.com\/wp-content\/uploads\/2022\/05\/helada-03.jpg?w=400&amp;ssl=1 400w, https:\/\/i0.wp.com\/cdnoticias.com\/wp-content\/uploads\/2022\/05\/helada-03.jpg?resize=225%2C300&amp;ssl=1 225w\" sizes=\"auto, (max-width: 350px) 100vw, 350px\" \/><\/p>\n<p>&nbsp;<\/p>\n<p>La humedad fue de 100% y la <strong>visibilidad se mantuvo reducida por niebla<\/strong>.<\/p>\n<p>&nbsp;<\/p>\n<p>La temperatura m\u00e1xima pronosticada para este jueves por el Servicio Meteorol\u00f3gico Nacional es de 15\u00ba.<\/p>\n<p>&nbsp;<\/p>\n<p><img data-recalc-dims=\"1\" loading=\"lazy\" decoding=\"async\" class=\"size-full wp-image-55053 aligncenter\" src=\"https:\/\/i0.wp.com\/cdnoticias.com\/wp-content\/uploads\/2022\/05\/helada-04.jpg?resize=800%2C445&#038;ssl=1\" alt=\"\" width=\"800\" height=\"445\" srcset=\"https:\/\/i0.wp.com\/cdnoticias.com\/wp-content\/uploads\/2022\/05\/helada-04.jpg?w=800&amp;ssl=1 800w, https:\/\/i0.wp.com\/cdnoticias.com\/wp-content\/uploads\/2022\/05\/helada-04.jpg?resize=300%2C167&amp;ssl=1 300w, https:\/\/i0.wp.com\/cdnoticias.com\/wp-content\/uploads\/2022\/05\/helada-04.jpg?resize=768%2C427&amp;ssl=1 768w\" sizes=\"auto, (max-width: 800px) 100vw, 800px\" \/><\/p>\n","protected":false},"excerpt":{"rendered":"<p>Este mi\u00e9rcoles se dio la tercera helada meteorol\u00f3gica registrada por la Estaci\u00f3n local. A la 7:50 se dio la temperatura<\/p>\n","protected":false},"author":4,"featured_media":55049,"comment_status":"closed","ping_status":"closed","sticky":false,"template":"","format":"standard","meta":{"_jetpack_memberships_contains_paid_content":false,"footnotes":""},"categories":[5,1],"tags":[],"class_list":["post-55040","post","type-post","status-publish","format-standard","has-post-thumbnail","hentry","category-informacion-general","category-portada"],"jetpack_featured_media_url":"https:\/\/i0.wp.com\/cdnoticias.com\/wp-content\/uploads\/2022\/05\/helada-00.jpg?fit=800%2C445&ssl=1","jetpack_sharing_enabled":true,"_links":{"self":[{"href":"https:\/\/cdnoticias.com\/index.php\/wp-json\/wp\/v2\/posts\/55040","targetHints":{"allow":["GET"]}}],"collection":[{"href":"https:\/\/cdnoticias.com\/index.php\/wp-json\/wp\/v2\/posts"}],"about":[{"href":"https:\/\/cdnoticias.com\/index.php\/wp-json\/wp\/v2\/types\/post"}],"author":[{"embeddable":true,"href":"https:\/\/cdnoticias.com\/index.php\/wp-json\/wp\/v2\/users\/4"}],"replies":[{"embeddable":true,"href":"https:\/\/cdnoticias.com\/index.php\/wp-json\/wp\/v2\/comments?post=55040"}],"version-history":[{"count":0,"href":"https:\/\/cdnoticias.com\/index.php\/wp-json\/wp\/v2\/posts\/55040\/revisions"}],"wp:featuredmedia":[{"embeddable":true,"href":"https:\/\/cdnoticias.com\/index.php\/wp-json\/wp\/v2\/media\/55049"}],"wp:attachment":[{"href":"https:\/\/cdnoticias.com\/index.php\/wp-json\/wp\/v2\/media?parent=55040"}],"wp:term":[{"taxonomy":"category","embeddable":true,"href":"https:\/\/cdnoticias.com\/index.php\/wp-json\/wp\/v2\/categories?post=55040"},{"taxonomy":"post_tag","embeddable":true,"href":"https:\/\/cdnoticias.com\/index.php\/wp-json\/wp\/v2\/tags?post=55040"}],"curies":[{"name":"wp","href":"https:\/\/api.w.org\/{rel}","templated":true}]}}