{"id":54995,"date":"2022-05-19T08:48:28","date_gmt":"2022-05-19T11:48:28","guid":{"rendered":"https:\/\/www.centraldenoticias.com.ar\/?p=54995"},"modified":"2022-05-19T08:48:28","modified_gmt":"2022-05-19T11:48:28","slug":"kreplak-y-los-casos-de-covid-se-esta-viendo-una-ola-de-importantes-dimensiones","status":"publish","type":"post","link":"https:\/\/cdnoticias.com\/index.php\/2022\/05\/19\/kreplak-y-los-casos-de-covid-se-esta-viendo-una-ola-de-importantes-dimensiones\/","title":{"rendered":"Kreplak y los casos de Covid: \u201cSe est\u00e1 viendo una ola de importantes dimensiones\u201d"},"content":{"rendered":"<p>El ministro de Salud explic\u00f3 que hubo un aumento de consultas, aunque se\u00f1al\u00f3 que a\u00fan no se registra un incremento \u201csignificativo\u201d de las internaciones.<!--more--><\/p>\n<hr \/>\n<p>&nbsp;<\/p>\n<p>En medio de un <strong>aumento sostenido de los casos de Covid<\/strong> y que llev\u00f3 a las autoridades a <strong>asegurar que empez\u00f3 la cuarta ola,<\/strong> el ministro de Salud de la provincia de Buenos Aires, <strong>Nicol\u00e1s Kreplak<\/strong>, advirti\u00f3 este mi\u00e9rcoles que en el territorio bonaerense <strong>\u201cse est\u00e1 viendo una ola de importantes dimensiones\u201d.<\/strong><\/p>\n<p>&nbsp;<\/p>\n<p><strong>Kreplak<\/strong> inform\u00f3 que la suba es observable a trav\u00e9s de diversos indicadores, pero aclar\u00f3 que su impacto <strong>no se ve reflejado en el n\u00famero de internaciones,<\/strong> donde <strong>no se registra un incremento \u201csignificativo\u201d<\/strong>.<\/p>\n<p>&nbsp;<\/p>\n<p>En ese sentido, <strong>descart\u00f3 en principio la posibilidad de que se implementen nuevas restricciones<\/strong> para hacer frente a la nueva ola de contagios. \u201cLa idea es que no es necesario hacer eso porque entendemos que el aumento de internaciones es marginal y que la enfermedad no va a tener una gran carga de mortalidad en la sociedad\u201d, dijo.<\/p>\n<p>&nbsp;<\/p>\n<p>\u201cLas Unidades Centinelas, que son formas de monitoreo epidemiol\u00f3gico, ya nos permiten ver que <strong>hay un aumento respecto de las semanas anteriores.<\/strong> De hecho, el aumento de esta semana con respecto de las anteriores en la provincia de Buenos Aires es del 100%\u201d, explic\u00f3 el funcionario a El Destape.<\/p>\n<p>&nbsp;<\/p>\n<p>Tras ello agreg\u00f3: \u201cal monitorear las consultas al sistema de salud y las internaciones <strong>estamos viendo un aumento importante de las consultas, pero<\/strong> <strong>no hay un impacto significativo de internaciones en terapia intensiva y en casos graves\u201d.<\/strong><\/p>\n<p>&nbsp;<\/p>\n<p>A\u00fan as\u00ed, el ministro consider\u00f3 que \u201cse est\u00e1 viendo una ola de importantes dimensiones\u201d impulsada por el crecimiento din\u00e1mico de la cepa B.A2 de Covid, a la que describi\u00f3 como una subvariante de \u00d3micron que resulta \u201cun 30% m\u00e1s contagiosa\u201d.<\/p>\n<p>&nbsp;<\/p>\n<p>Frente al escenario planteado, <strong>Kreplak hizo una serie de recomendaciones<\/strong> para prevenir la escalada de casos. Entre ellas, record\u00f3 qu\u00e9 se debe hacer si se presentan s\u00edntomas y alent\u00f3 a <strong>completar los esquemas de vacunaci\u00f3n<\/strong> a quienes todav\u00eda no lo hayan hecho.<\/p>\n<p>&nbsp;<\/p>\n<p><strong>\u201cLas personas que tienen s\u00edntomas tienen que aislarse<\/strong>, aunque piensen que no tienen Covid. Hay que aislarse <strong>hasta que se pasen los s\u00edntomas por cinco d\u00edas y durante cinco d\u00edas m\u00e1s hay que usar todo el tiempo barbijo<\/strong> y <strong>no exponerse en lugares cerrados<\/strong> donde puedan contagiar a otros\u201d, enfatiz\u00f3.<\/p>\n<p>&nbsp;<\/p>\n<p>Por \u00faltimo, y en relaci\u00f3n con la inmunizaci\u00f3n contra la enfermedad agreg\u00f3 que : \u201c<strong>tenemos que vacunarnos todos. Tercera dosis para todos<\/strong>. Y aquellos casos en los que hayan pasado m\u00e1s de cuatro meses desde su aplicaci\u00f3n, por ahora mayores de 50 a\u00f1os, tienen que recibir la cuarta dosis\u201d.<\/p>\n<p>&nbsp;<\/p>\n<p><em>Fuente: DIB<\/em><\/p>\n<p>&nbsp;<\/p>\n","protected":false},"excerpt":{"rendered":"<p>El ministro de Salud explic\u00f3 que hubo un aumento de consultas, aunque se\u00f1al\u00f3 que a\u00fan no se registra un incremento<\/p>\n","protected":false},"author":6,"featured_media":54996,"comment_status":"closed","ping_status":"closed","sticky":false,"template":"","format":"standard","meta":{"_jetpack_memberships_contains_paid_content":false,"footnotes":""},"categories":[6,1],"tags":[],"class_list":["post-54995","post","type-post","status-publish","format-standard","has-post-thumbnail","hentry","category-nacionales","category-portada"],"jetpack_featured_media_url":"https:\/\/i0.wp.com\/cdnoticias.com\/wp-content\/uploads\/2022\/05\/Kreplak.jpg?fit=2048%2C1152&ssl=1","jetpack_sharing_enabled":true,"_links":{"self":[{"href":"https:\/\/cdnoticias.com\/index.php\/wp-json\/wp\/v2\/posts\/54995","targetHints":{"allow":["GET"]}}],"collection":[{"href":"https:\/\/cdnoticias.com\/index.php\/wp-json\/wp\/v2\/posts"}],"about":[{"href":"https:\/\/cdnoticias.com\/index.php\/wp-json\/wp\/v2\/types\/post"}],"author":[{"embeddable":true,"href":"https:\/\/cdnoticias.com\/index.php\/wp-json\/wp\/v2\/users\/6"}],"replies":[{"embeddable":true,"href":"https:\/\/cdnoticias.com\/index.php\/wp-json\/wp\/v2\/comments?post=54995"}],"version-history":[{"count":0,"href":"https:\/\/cdnoticias.com\/index.php\/wp-json\/wp\/v2\/posts\/54995\/revisions"}],"wp:featuredmedia":[{"embeddable":true,"href":"https:\/\/cdnoticias.com\/index.php\/wp-json\/wp\/v2\/media\/54996"}],"wp:attachment":[{"href":"https:\/\/cdnoticias.com\/index.php\/wp-json\/wp\/v2\/media?parent=54995"}],"wp:term":[{"taxonomy":"category","embeddable":true,"href":"https:\/\/cdnoticias.com\/index.php\/wp-json\/wp\/v2\/categories?post=54995"},{"taxonomy":"post_tag","embeddable":true,"href":"https:\/\/cdnoticias.com\/index.php\/wp-json\/wp\/v2\/tags?post=54995"}],"curies":[{"name":"wp","href":"https:\/\/api.w.org\/{rel}","templated":true}]}}