{"id":54990,"date":"2022-05-18T17:21:57","date_gmt":"2022-05-18T20:21:57","guid":{"rendered":"https:\/\/www.centraldenoticias.com.ar\/?p=54990"},"modified":"2022-05-18T17:22:36","modified_gmt":"2022-05-18T20:22:36","slug":"nuevo-aniversario-del-foto-club-olavarria","status":"publish","type":"post","link":"https:\/\/cdnoticias.com\/index.php\/2022\/05\/18\/nuevo-aniversario-del-foto-club-olavarria\/","title":{"rendered":"Nuevo aniversario del Foto Club Olavarr\u00eda"},"content":{"rendered":"<p>Cumplir\u00e1 69 a\u00f1os este jueves 19 de mayo. En este marco, la instituci\u00f3n organiz\u00f3 una muestra fotogr\u00e1fica que ser\u00e1 inaugurada el pr\u00f3ximo s\u00e1bado. <!--more--><\/p>\n<hr \/>\n<p>&nbsp;<\/p>\n<p>El<strong> Foto Club Olavarr\u00eda cumplir\u00e1 69 a\u00f1os este jueves 19 de mayo.<\/strong> En el marco de la <strong>celebraci\u00f3n de un nuevo aniversario,<\/strong> la comisi\u00f3n directiva de la instituci\u00f3n ha organizado una<strong> muestra fotogr\u00e1fica que ser\u00e1 inaugurada el pr\u00f3ximo s\u00e1bado a las 19:00.<\/strong><\/p>\n<p>&nbsp;<\/p>\n<p>La muestra denominada <strong>&#8220;Luces en la Oscuridad&#8221;<\/strong> estar\u00e1 en la sede ubicada en <strong>Alsina 2937<\/strong> donde exhibir\u00e1n <strong>obras de Horacio Capelli,<\/strong> socio hist\u00f3rico de la entidad.<\/p>\n<p>&nbsp;<\/p>\n<p>En este sentido, permanecer\u00e1 <strong>abierta al p\u00fablico <\/strong>los d\u00edas<b> s\u00e1bado 21, domingo 22, s\u00e1bado 28 y domingo 29 <\/b>de<b> 19:00 a 21:00.<\/b><\/p>\n<p>&nbsp;<\/p>\n<p>Adem\u00e1s, se indic\u00f3 que <strong>entre el lunes 23 y el viernes 27<\/strong> la muestra estar\u00e1 habilitada en el horario de<strong> 18:00 a 19:30.\u00a0<\/strong><\/p>\n<p>&nbsp;<\/p>\n<p>&nbsp;<\/p>\n<p>&nbsp;<\/p>\n<p>&nbsp;<\/p>\n","protected":false},"excerpt":{"rendered":"<p>Cumplir\u00e1 69 a\u00f1os este jueves 19 de mayo. En este marco, la instituci\u00f3n organiz\u00f3 una muestra fotogr\u00e1fica que ser\u00e1 inaugurada<\/p>\n","protected":false},"author":6,"featured_media":54994,"comment_status":"closed","ping_status":"closed","sticky":false,"template":"","format":"standard","meta":{"_jetpack_memberships_contains_paid_content":false,"footnotes":""},"categories":[9,1],"tags":[],"class_list":["post-54990","post","type-post","status-publish","format-standard","has-post-thumbnail","hentry","category-cultura","category-portada"],"jetpack_featured_media_url":"https:\/\/i0.wp.com\/cdnoticias.com\/wp-content\/uploads\/2022\/05\/Diseno-sin-titulo-3.jpg?fit=1920%2C1080&ssl=1","jetpack_sharing_enabled":true,"_links":{"self":[{"href":"https:\/\/cdnoticias.com\/index.php\/wp-json\/wp\/v2\/posts\/54990","targetHints":{"allow":["GET"]}}],"collection":[{"href":"https:\/\/cdnoticias.com\/index.php\/wp-json\/wp\/v2\/posts"}],"about":[{"href":"https:\/\/cdnoticias.com\/index.php\/wp-json\/wp\/v2\/types\/post"}],"author":[{"embeddable":true,"href":"https:\/\/cdnoticias.com\/index.php\/wp-json\/wp\/v2\/users\/6"}],"replies":[{"embeddable":true,"href":"https:\/\/cdnoticias.com\/index.php\/wp-json\/wp\/v2\/comments?post=54990"}],"version-history":[{"count":0,"href":"https:\/\/cdnoticias.com\/index.php\/wp-json\/wp\/v2\/posts\/54990\/revisions"}],"wp:featuredmedia":[{"embeddable":true,"href":"https:\/\/cdnoticias.com\/index.php\/wp-json\/wp\/v2\/media\/54994"}],"wp:attachment":[{"href":"https:\/\/cdnoticias.com\/index.php\/wp-json\/wp\/v2\/media?parent=54990"}],"wp:term":[{"taxonomy":"category","embeddable":true,"href":"https:\/\/cdnoticias.com\/index.php\/wp-json\/wp\/v2\/categories?post=54990"},{"taxonomy":"post_tag","embeddable":true,"href":"https:\/\/cdnoticias.com\/index.php\/wp-json\/wp\/v2\/tags?post=54990"}],"curies":[{"name":"wp","href":"https:\/\/api.w.org\/{rel}","templated":true}]}}