{"id":54982,"date":"2022-05-18T15:36:51","date_gmt":"2022-05-18T18:36:51","guid":{"rendered":"https:\/\/www.centraldenoticias.com.ar\/?p=54982"},"modified":"2022-05-18T16:30:10","modified_gmt":"2022-05-18T19:30:10","slug":"cuatro-empresas-hicieron-ofertas-para-el-mantenimiento-de-espacios-verdes","status":"publish","type":"post","link":"https:\/\/cdnoticias.com\/index.php\/2022\/05\/18\/cuatro-empresas-hicieron-ofertas-para-el-mantenimiento-de-espacios-verdes\/","title":{"rendered":"Cuatro empresas hicieron ofertas para el mantenimiento de espacios verdes"},"content":{"rendered":"<p>Comprende 9 zonas de trabajo en la ciudad de Olavarr\u00eda. El plazo es por 12 meses. El presupuesto oficial total es de $58.050.000.<\/p>\n<p><!--more--><\/p>\n<hr \/>\n<p>En la ma\u00f1ana de este martes en el Palacio San Mart\u00edn se llev\u00f3 a cabo la apertura de <strong>licitaci\u00f3n p\u00fablica para la contrataci\u00f3n de mano de obra y equipos para la ejecuci\u00f3n de trabajos de mantenimiento de espacios verdes<\/strong> existentes en la ciudad de Olavarr\u00eda.<\/p>\n<p>&nbsp;<\/p>\n<p>La licitaci\u00f3n <strong>comprende 9 \u00edtems en Olavarr\u00eda<\/strong>, que representan las zonas en que se han dividido las tareas de mantenimiento. <strong>La forma de cotizaci\u00f3n es por precio unitario, siendo el mes la unidad<\/strong>.<\/p>\n<p>&nbsp;<\/p>\n<p><strong>El per\u00edodo de ejecuci\u00f3n para cada zona es de 12 meses corridos<\/strong>, debiendo realizar la cantidad de cortes que fueran necesarios para mantener el lugar en \u00f3ptimas condiciones seg\u00fan considere la inspecci\u00f3n.<\/p>\n<p>&nbsp;<\/p>\n<p>La apertura fue encabezada por el <strong>subsecretario de Administraci\u00f3n Federico Calascibetta,<\/strong> la <strong>directora de Licitaciones Pilar Ciardelli<\/strong> y representantes de las <strong>empresas oferentes<\/strong>.<\/p>\n<p>&nbsp;<\/p>\n<p><img data-recalc-dims=\"1\" loading=\"lazy\" decoding=\"async\" class=\"size-large wp-image-36397 aligncenter\" src=\"https:\/\/i0.wp.com\/cdnoticias.com\/wp-content\/uploads\/2021\/10\/olavarria-aerea-drone-01.jpg?resize=800%2C445&#038;ssl=1\" alt=\"\" width=\"800\" height=\"445\" srcset=\"https:\/\/i0.wp.com\/cdnoticias.com\/wp-content\/uploads\/2021\/10\/olavarria-aerea-drone-01.jpg?resize=1024%2C570&amp;ssl=1 1024w, https:\/\/i0.wp.com\/cdnoticias.com\/wp-content\/uploads\/2021\/10\/olavarria-aerea-drone-01.jpg?resize=300%2C167&amp;ssl=1 300w, https:\/\/i0.wp.com\/cdnoticias.com\/wp-content\/uploads\/2021\/10\/olavarria-aerea-drone-01.jpg?resize=768%2C427&amp;ssl=1 768w, https:\/\/i0.wp.com\/cdnoticias.com\/wp-content\/uploads\/2021\/10\/olavarria-aerea-drone-01.jpg?resize=800%2C445&amp;ssl=1 800w, https:\/\/i0.wp.com\/cdnoticias.com\/wp-content\/uploads\/2021\/10\/olavarria-aerea-drone-01.jpg?w=1600&amp;ssl=1 1600w\" sizes=\"auto, (max-width: 800px) 100vw, 800px\" \/><\/p>\n<p>&nbsp;<\/p>\n<p>A continuaci\u00f3n, se detallan las <strong>propuestas econ\u00f3micas presentadas para cada zona<\/strong>:<\/p>\n<p>&nbsp;<\/p>\n<p><strong>\u00cdtem I: Zona Este \u2013 Sector I<\/strong><\/p>\n<ul>\n<li>Proponente N\u00b0 1: Bassi Alfredo Alejandro cotiza la suma de $18.600.000.<\/li>\n<li>Proponente N\u00b0 2: Servicios San Sebasti\u00e1n Olavarr\u00eda S.A.S. cotiza la suma de $17.520.000.<\/li>\n<li>Proponente N\u00b0 3: Siris Iara Berenice cotiza la suma de $16.811.237,50.<\/li>\n<\/ul>\n<p>Presupuesto Oficial: $14.782.000,00<\/p>\n<p>&nbsp;<\/p>\n<p><strong>\u00cdtem II: Zona Este \u2013 Sector II<\/strong><\/p>\n<ul>\n<li>Proponente N\u00b0 1: Bassi Alfredo Alejandro cotiza la suma de $16.896.000.<\/li>\n<li>Proponente N\u00b0 2: Siris Iara Berenice cotiza la suma de $5.872.105,79.<\/li>\n<\/ul>\n<p>Presupuesto Oficial: $6.532.400,00<\/p>\n<p>&nbsp;<\/p>\n<p><strong>\u00cdtem III: Zona Oeste \u2013 Sector I<\/strong><\/p>\n<ul>\n<li>Proponente N\u00b0 1: Bassi Afredo Alejandro cotiza la suma de $ 9.000.000.<\/li>\n<li>Proponente N\u00b0 2: Servicios San Sebasti\u00e1n Olavarr\u00eda S.A.S. cotiza la suma de $ 8.922.600.<\/li>\n<li>Proponente N\u00b0 3: Siris Iara Berenice cotiza la suma de $ 6.655.069,79.<\/li>\n<\/ul>\n<p>Presupuesto Oficial: $6.099.300,00.<\/p>\n<p>&nbsp;<\/p>\n<p><strong>\u00cdtem IV: Zona Oeste \u2013 Sector II<\/strong><\/p>\n<ul>\n<li>Proponente N\u00b0 1: Siris Iara Berenice cotiza la suma de $5.329.233,51.<\/li>\n<\/ul>\n<p>Presupuesto Oficial: $ 5.900.000,00<\/p>\n<p>&nbsp;<\/p>\n<p><img data-recalc-dims=\"1\" loading=\"lazy\" decoding=\"async\" class=\"wp-image-48753 aligncenter\" src=\"https:\/\/i0.wp.com\/cdnoticias.com\/wp-content\/uploads\/2022\/03\/Parque-Eva-Peron-1024x682-1.jpg?resize=800%2C533&#038;ssl=1\" alt=\"\" width=\"800\" height=\"533\" srcset=\"https:\/\/i0.wp.com\/cdnoticias.com\/wp-content\/uploads\/2022\/03\/Parque-Eva-Peron-1024x682-1.jpg?w=1024&amp;ssl=1 1024w, https:\/\/i0.wp.com\/cdnoticias.com\/wp-content\/uploads\/2022\/03\/Parque-Eva-Peron-1024x682-1.jpg?resize=300%2C200&amp;ssl=1 300w, https:\/\/i0.wp.com\/cdnoticias.com\/wp-content\/uploads\/2022\/03\/Parque-Eva-Peron-1024x682-1.jpg?resize=768%2C512&amp;ssl=1 768w, https:\/\/i0.wp.com\/cdnoticias.com\/wp-content\/uploads\/2022\/03\/Parque-Eva-Peron-1024x682-1.jpg?resize=272%2C182&amp;ssl=1 272w\" sizes=\"auto, (max-width: 800px) 100vw, 800px\" \/><\/p>\n<p>&nbsp;<\/p>\n<p><strong>\u00cdtem V: Zona Norte \u2013 Sector I<\/strong><\/p>\n<ul>\n<li>Proponente N\u00b0 1: Bassi Alfredo Alejandro cotiza la suma de $12.720.000.<\/li>\n<li>Proponente N\u00b0 2: Servicios San Sebasti\u00e1n Olavarr\u00eda S.A.S. cotiza la suma $10.200.000.<\/li>\n<li>Proponente N\u00b0 3: Siris Iara Berenice cotiza la suma de $9.454.741,64.<\/li>\n<\/ul>\n<p>Presupuesto Oficial: $ 8.589.200,00<\/p>\n<p>&nbsp;<\/p>\n<p><strong>\u00cdtem VI: Zona Norte \u2013 Sector II<\/strong><\/p>\n<ul>\n<li>Proponente N\u00b0 1: Bassi Alfredo Alejandro cotiza la suma de $7.800.000.<\/li>\n<li>Proponente N\u00ba 2: Siris Iara Berenice cotiza la suma de $2.965.173,88.<\/li>\n<li>Proponente N\u00b0 3: Ruppel Lisardo Enrique cotiza la suma de $1.608.930,84.<\/li>\n<\/ul>\n<p>Presupuesto Oficial: $ 2.019.000,00<\/p>\n<p>&nbsp;<\/p>\n<p><strong>\u00cdtem VII: Zona Sur \u2013 Sector I A<\/strong><\/p>\n<ul>\n<li>Proponente N\u00b0 1: Bassi Alfredo Alejandro cotiza la suma de $10.380.000.<\/li>\n<li>Proponente N\u00b0 2: Servicios San Sebasti\u00e1n Olavarr\u00eda S.A.S. cotiza la suma de $7.200.000.<\/li>\n<li>Proponente N\u00b0 3: Siris Iara Berenice cotiza la suma de $5.478.670,78.<\/li>\n<\/ul>\n<p>Presupuesto Oficial: $ 4.959.300,00<\/p>\n<p>&nbsp;<\/p>\n<p><strong>\u00cdtem VIII: Zona Sur \u2013 Sector I B<\/strong><\/p>\n<ul>\n<li>Proponente N\u00b0 1: Bassi Alfredo Aejandro cotiza la suma de $8.280.000.<\/li>\n<li>Proponente N\u00b0 2: Servicios San Sebasti\u00e1n Olavarr\u00eda S.A.S. cotiza la suma de $6.480.000.<\/li>\n<li>Proponente N\u00b0 3: Siris Iara Berenice cotiza la suma de $6.056.621,06.<\/li>\n<\/ul>\n<p>Presupuesto Oficial: $ 5.468.800,00<\/p>\n<p>&nbsp;<\/p>\n<p><img data-recalc-dims=\"1\" loading=\"lazy\" decoding=\"async\" class=\"size-full wp-image-40589 aligncenter\" src=\"https:\/\/i0.wp.com\/cdnoticias.com\/wp-content\/uploads\/2021\/12\/parque-mitre-brown-y-alvaro-barros-01.jpg?resize=780%2C602&#038;ssl=1\" alt=\"\" width=\"780\" height=\"602\" srcset=\"https:\/\/i0.wp.com\/cdnoticias.com\/wp-content\/uploads\/2021\/12\/parque-mitre-brown-y-alvaro-barros-01.jpg?w=780&amp;ssl=1 780w, https:\/\/i0.wp.com\/cdnoticias.com\/wp-content\/uploads\/2021\/12\/parque-mitre-brown-y-alvaro-barros-01.jpg?resize=300%2C232&amp;ssl=1 300w, https:\/\/i0.wp.com\/cdnoticias.com\/wp-content\/uploads\/2021\/12\/parque-mitre-brown-y-alvaro-barros-01.jpg?resize=768%2C593&amp;ssl=1 768w\" sizes=\"auto, (max-width: 780px) 100vw, 780px\" \/><\/p>\n<p>&nbsp;<\/p>\n<p><strong>\u00cdtem IX: Zona Sur \u2013 Sector II<\/strong><\/p>\n<ul>\n<li>Proponente N\u00b0 1: Bassi Alfredo Aejandro cotiza la suma de $9.024.000.<\/li>\n<li>Proponente N\u00b0 2: Siris Iara Berenice cotiza la suma de $3.328.171,65.<\/li>\n<\/ul>\n<p>Presupuesto Oficial: $ 3.700.000,00<\/p>\n<p>&nbsp;<\/p>\n<p><strong>El presupuesto oficial total es de $58.050.000<\/strong>. Se aclar\u00f3 que <em>\u201cuna misma firma s\u00f3lo podr\u00e1 ser adjudicataria de hasta tres \u00edtems\u201d<\/em>.<\/p>\n<p>&nbsp;<\/p>\n<p>Las <strong>tareas de mantenimiento<\/strong> comprenden: corte de pasto, siembra, riego y mantenimiento de las instalaciones de riego (en caso de ser necesario), poda manual, abono, fertilizaci\u00f3n, rastrillado, tratamientos fitosanitarios y herbicidas, conservaci\u00f3n de canteros, macizos, setos y bordes de canteros, conservaci\u00f3n y mantenimiento de caminos, paseos y zonas de descanso, bordeado y recolecci\u00f3n de basura.<\/p>\n","protected":false},"excerpt":{"rendered":"<p>Comprende 9 zonas de trabajo en la ciudad de Olavarr\u00eda. El plazo es por 12 meses. El presupuesto oficial total<\/p>\n","protected":false},"author":4,"featured_media":45070,"comment_status":"closed","ping_status":"closed","sticky":false,"template":"","format":"standard","meta":{"_jetpack_memberships_contains_paid_content":false,"footnotes":""},"categories":[5,1],"tags":[],"class_list":["post-54982","post","type-post","status-publish","format-standard","has-post-thumbnail","hentry","category-informacion-general","category-portada"],"jetpack_featured_media_url":"https:\/\/i0.wp.com\/cdnoticias.com\/wp-content\/uploads\/2022\/01\/parque-mitre-brown-y-coronel-suarez-00.jpg?fit=800%2C445&ssl=1","jetpack_sharing_enabled":true,"_links":{"self":[{"href":"https:\/\/cdnoticias.com\/index.php\/wp-json\/wp\/v2\/posts\/54982","targetHints":{"allow":["GET"]}}],"collection":[{"href":"https:\/\/cdnoticias.com\/index.php\/wp-json\/wp\/v2\/posts"}],"about":[{"href":"https:\/\/cdnoticias.com\/index.php\/wp-json\/wp\/v2\/types\/post"}],"author":[{"embeddable":true,"href":"https:\/\/cdnoticias.com\/index.php\/wp-json\/wp\/v2\/users\/4"}],"replies":[{"embeddable":true,"href":"https:\/\/cdnoticias.com\/index.php\/wp-json\/wp\/v2\/comments?post=54982"}],"version-history":[{"count":0,"href":"https:\/\/cdnoticias.com\/index.php\/wp-json\/wp\/v2\/posts\/54982\/revisions"}],"wp:featuredmedia":[{"embeddable":true,"href":"https:\/\/cdnoticias.com\/index.php\/wp-json\/wp\/v2\/media\/45070"}],"wp:attachment":[{"href":"https:\/\/cdnoticias.com\/index.php\/wp-json\/wp\/v2\/media?parent=54982"}],"wp:term":[{"taxonomy":"category","embeddable":true,"href":"https:\/\/cdnoticias.com\/index.php\/wp-json\/wp\/v2\/categories?post=54982"},{"taxonomy":"post_tag","embeddable":true,"href":"https:\/\/cdnoticias.com\/index.php\/wp-json\/wp\/v2\/tags?post=54982"}],"curies":[{"name":"wp","href":"https:\/\/api.w.org\/{rel}","templated":true}]}}