{"id":54971,"date":"2022-05-18T14:46:24","date_gmt":"2022-05-18T17:46:24","guid":{"rendered":"https:\/\/www.centraldenoticias.com.ar\/?p=54971"},"modified":"2022-05-18T14:46:24","modified_gmt":"2022-05-18T17:46:24","slug":"juan-oscar-basualdo-q-e-p-d","status":"publish","type":"post","link":"https:\/\/cdnoticias.com\/index.php\/2022\/05\/18\/juan-oscar-basualdo-q-e-p-d\/","title":{"rendered":"Juan Oscar Basualdo (Q.E.P.D.)"},"content":{"rendered":"<p>&nbsp;<\/p>\n<p>Falleci\u00f3 en Olavarr\u00eda el d\u00eda 18 de mayo de 2022 a los 87 a\u00f1os de edad.<\/p>\n<p>&nbsp;<\/p>\n<p>Su hija Maria de las Mercedes Basualdo. Su hijo pol\u00edtico Roberto Fabian Lopez. Su nieta Ariadna Zoe Lopez Basualdo. Su nieto Lucas Basualdo. Su nieta pol\u00edtica Yesica Sim\u00f3n. Su nieta en el afecto Karen Cisneros. Sus bisnietos Leon Basualdo Cisneros; Samuel Basualdo Sim\u00f3n. Su hermana Olga Basualdo. Sus hermanos y hermanas pol\u00edticos. Sus Sobrinos y sobrinas. Su hermano del coraz\u00f3n \u00c1ngel Alburquerquer y familia. Su colaboradora Julieta Garc\u00eda Brusisi. Sus amigos y Amigas; y dem\u00e1s deudos participan su fallecimiento.<\/p>\n<p>&nbsp;<\/p>\n<p>Velatorio: Espa\u00f1a 2942 departamento &#8220;C&#8221;. La sala se habilita a las 15 horas. El horario de cierre es a confirmar. Responso: Capilla Ardiente. Cremaci\u00f3n: Crematorio Pinos de Paz, en d\u00eda a confirmar. Servicio adherido a Coopelectric.<\/p>\n<p>&nbsp;<\/p>\n<p>Vecino de barrio Pueblo Nuevo.<\/p>\n<p>&nbsp;<\/p>\n<p>Nacido en Pirovano.<\/p>\n<p>&nbsp;<\/p>\n<p>Actividad que desarrollaba: Jubilado y Folclorista.<\/p>\n","protected":false},"excerpt":{"rendered":"<p>&nbsp; Falleci\u00f3 en Olavarr\u00eda el d\u00eda 18 de mayo de 2022 a los 87 a\u00f1os de edad. &nbsp; Su hija<\/p>\n","protected":false},"author":4,"featured_media":51544,"comment_status":"closed","ping_status":"closed","sticky":false,"template":"","format":"standard","meta":{"_jetpack_memberships_contains_paid_content":false,"footnotes":""},"categories":[10],"tags":[],"class_list":["post-54971","post","type-post","status-publish","format-standard","has-post-thumbnail","hentry","category-necrologicas"],"jetpack_featured_media_url":"https:\/\/i0.wp.com\/cdnoticias.com\/wp-content\/uploads\/2022\/04\/necrologicas-390-x-240.jpg?fit=390%2C240&ssl=1","jetpack_sharing_enabled":true,"_links":{"self":[{"href":"https:\/\/cdnoticias.com\/index.php\/wp-json\/wp\/v2\/posts\/54971","targetHints":{"allow":["GET"]}}],"collection":[{"href":"https:\/\/cdnoticias.com\/index.php\/wp-json\/wp\/v2\/posts"}],"about":[{"href":"https:\/\/cdnoticias.com\/index.php\/wp-json\/wp\/v2\/types\/post"}],"author":[{"embeddable":true,"href":"https:\/\/cdnoticias.com\/index.php\/wp-json\/wp\/v2\/users\/4"}],"replies":[{"embeddable":true,"href":"https:\/\/cdnoticias.com\/index.php\/wp-json\/wp\/v2\/comments?post=54971"}],"version-history":[{"count":0,"href":"https:\/\/cdnoticias.com\/index.php\/wp-json\/wp\/v2\/posts\/54971\/revisions"}],"wp:featuredmedia":[{"embeddable":true,"href":"https:\/\/cdnoticias.com\/index.php\/wp-json\/wp\/v2\/media\/51544"}],"wp:attachment":[{"href":"https:\/\/cdnoticias.com\/index.php\/wp-json\/wp\/v2\/media?parent=54971"}],"wp:term":[{"taxonomy":"category","embeddable":true,"href":"https:\/\/cdnoticias.com\/index.php\/wp-json\/wp\/v2\/categories?post=54971"},{"taxonomy":"post_tag","embeddable":true,"href":"https:\/\/cdnoticias.com\/index.php\/wp-json\/wp\/v2\/tags?post=54971"}],"curies":[{"name":"wp","href":"https:\/\/api.w.org\/{rel}","templated":true}]}}