{"id":5497,"date":"2020-11-03T10:32:36","date_gmt":"2020-11-03T13:32:36","guid":{"rendered":"http:\/\/www.centraldenoticias.com.ar\/?p=5497"},"modified":"2020-11-03T10:32:36","modified_gmt":"2020-11-03T13:32:36","slug":"laprida-tres-personas-fallecidas-por-covid-en-las-ultimas-horas","status":"publish","type":"post","link":"https:\/\/cdnoticias.com\/index.php\/2020\/11\/03\/laprida-tres-personas-fallecidas-por-covid-en-las-ultimas-horas\/","title":{"rendered":"Laprida: tres personas fallecidas por COVID en las \u00faltimas horas"},"content":{"rendered":"<p>Por la ma\u00f1ana del \u00faltimo lunes, autoridades de Salud informaron el fallecimiento de un hombre de 74 a\u00f1os. En el parte nocturno, se conocieron otros dos decesos.<!--more--><\/p>\n<hr \/>\n<p>Este lunes, <strong>Laprida tuvo 3 personas fallecidas por contagios de COVID-19. Se trata de dos mujeres y un hombre de entre 74 y 82 a\u00f1os de edad.<\/strong> Desde la cartera de Salud se indic\u00f3 que \u201cson las secuelas que va dejando la enfermedad\u201d.<\/p>\n<p>&nbsp;<\/p>\n<p><strong>Por la ma\u00f1ana, se confirm\u00f3 el fallecimiento de un hombre de 74 a\u00f1os de edad,<\/strong> que se encontraba internado en el Hospital Municipal \u201cPedro Sancholuz\u201d.<\/p>\n<p>&nbsp;<\/p>\n<blockquote><p><strong>En el reporte de la noche, en tanto, las autoridades sanitarias dieron cuenta de otras dos muertes producto de la enfermedad<\/strong>: son dos mujeres de 82 y 79 a\u00f1os.<\/p><\/blockquote>\n<p>&nbsp;<\/p>\n<p>El doctor Fernando Andreatta, tras dar la noticia, pidi\u00f3 continuar con las medidas de cuidados tales como el uso de tapaboca, el distanciamiento social y evitar los encuentros sociales, as\u00ed como tambi\u00e9n se\u00f1al\u00f3 que <strong><em>\u201cestamos en una etapa en la que empiezan a aparecer lamentablemente los fallecimientos, que son las secuelas que va dejando la enfermedad\u201d.<\/em><\/strong><\/p>\n<p>&nbsp;<\/p>\n<p>Desde el inicio de la pandemia, <strong>fallecieron 12 personas en el distrito de Laprida.<\/strong><\/p>\n<p>&nbsp;<\/p>\n<p><em>V\u00eda: OhLaprida.<\/em><\/p>\n","protected":false},"excerpt":{"rendered":"<p>Por la ma\u00f1ana del \u00faltimo lunes, autoridades de Salud informaron el fallecimiento de un hombre de 74 a\u00f1os. En el<\/p>\n","protected":false},"author":2,"featured_media":2506,"comment_status":"closed","ping_status":"closed","sticky":false,"template":"","format":"standard","meta":{"_jetpack_memberships_contains_paid_content":false,"footnotes":""},"categories":[6,1],"tags":[],"class_list":["post-5497","post","type-post","status-publish","format-standard","has-post-thumbnail","hentry","category-nacionales","category-portada"],"jetpack_featured_media_url":"https:\/\/i0.wp.com\/cdnoticias.com\/wp-content\/uploads\/2020\/09\/hospital-laprida1-e1627931633232.jpg?fit=503%2C297&ssl=1","jetpack_sharing_enabled":true,"_links":{"self":[{"href":"https:\/\/cdnoticias.com\/index.php\/wp-json\/wp\/v2\/posts\/5497","targetHints":{"allow":["GET"]}}],"collection":[{"href":"https:\/\/cdnoticias.com\/index.php\/wp-json\/wp\/v2\/posts"}],"about":[{"href":"https:\/\/cdnoticias.com\/index.php\/wp-json\/wp\/v2\/types\/post"}],"author":[{"embeddable":true,"href":"https:\/\/cdnoticias.com\/index.php\/wp-json\/wp\/v2\/users\/2"}],"replies":[{"embeddable":true,"href":"https:\/\/cdnoticias.com\/index.php\/wp-json\/wp\/v2\/comments?post=5497"}],"version-history":[{"count":0,"href":"https:\/\/cdnoticias.com\/index.php\/wp-json\/wp\/v2\/posts\/5497\/revisions"}],"wp:featuredmedia":[{"embeddable":true,"href":"https:\/\/cdnoticias.com\/index.php\/wp-json\/wp\/v2\/media\/2506"}],"wp:attachment":[{"href":"https:\/\/cdnoticias.com\/index.php\/wp-json\/wp\/v2\/media?parent=5497"}],"wp:term":[{"taxonomy":"category","embeddable":true,"href":"https:\/\/cdnoticias.com\/index.php\/wp-json\/wp\/v2\/categories?post=5497"},{"taxonomy":"post_tag","embeddable":true,"href":"https:\/\/cdnoticias.com\/index.php\/wp-json\/wp\/v2\/tags?post=5497"}],"curies":[{"name":"wp","href":"https:\/\/api.w.org\/{rel}","templated":true}]}}