{"id":54967,"date":"2022-05-18T18:03:35","date_gmt":"2022-05-18T21:03:35","guid":{"rendered":"https:\/\/www.centraldenoticias.com.ar\/?p=54967"},"modified":"2022-05-18T19:57:42","modified_gmt":"2022-05-18T22:57:42","slug":"abuso-sexual-un-olavarriense-condenado-a-mas-de-19-anos-de-prision","status":"publish","type":"post","link":"https:\/\/cdnoticias.com\/index.php\/2022\/05\/18\/abuso-sexual-un-olavarriense-condenado-a-mas-de-19-anos-de-prision\/","title":{"rendered":"Abuso sexual: un olavarriense condenado a m\u00e1s de 19 a\u00f1os de prisi\u00f3n"},"content":{"rendered":"<p>El Tribunal Oral 1 de Azul dispuso la pena para el hombre que est\u00e1 detenido desde 2018. Un jurado lo hab\u00eda dictaminado \u201cculpable\u201d por unanimidad.<!--more--><\/p>\n<hr \/>\n<p><strong>Un olavarriense fue condenado a 19 a\u00f1os y 8 meses de prisi\u00f3n<\/strong> efectiva por \u201cabuso sexual con acceso carnal agravado\u201d.<\/p>\n<p>&nbsp;<\/p>\n<p><strong>El fallo se conoci\u00f3 este martes, difundido por la agrupaci\u00f3n Animate<\/strong> que sigui\u00f3 el proceso judicial en apoyo a la v\u00edctima de este hecho. Cabe se\u00f1alar que se trata de la hija del condenado, por lo cual se preserva su identidad. Adem\u00e1s, la misma agrupaci\u00f3n inform\u00f3 que <strong>hay otra denuncia por la misma acusaci\u00f3n que pesa sobre el mismo imputado<\/strong>.<\/p>\n<p>&nbsp;<\/p>\n<p>Las audiencias del juicio oral se desarrollaron en el Tribunal Oral en lo Criminal N\u00ba 1 de Azul durante los d\u00edas 10 y 11 de mayo. <strong>El jurado dictamin\u00f3 la culpabilidad por unanimidad<\/strong>. El viernes pasado, desde el Tribunal se inform\u00f3 la sentencia.<\/p>\n<p>&nbsp;<\/p>\n<p><strong>El hombre se encuentra detenido desde 2018<\/strong>. Las averiguaciones del caso estuvieron a cargo de la ayudant\u00eda especializada en delitos sexuales que funciona en la UFI N\u00ba 4 local.<\/p>\n<p>&nbsp;<\/p>\n<p><i><span style=\"font-weight: 400;\">Si sos v\u00edctima o conoces alguien que est\u00e9 sufriendo violencia de g\u00e9nero comun\u00edcate al 144.\u00a0<\/span><\/i><i><span style=\"font-weight: 400;\">Adem\u00e1s Olavarr\u00eda cuenta con la Direcci\u00f3n de Pol\u00edticas de G\u00e9nero, San Mart\u00edn N\u00b01106 de lunes a viernes de 8 a 18 o mediante los tel\u00e9fonos 02284 417400\u00a0 o el celular de guardia: 02284 \u2013 15672508.\u00a0<\/span><\/i><i><span style=\"font-weight: 400;\">A la par, tambi\u00e9n te pod\u00e9s acercar a la Comisar\u00eda De la Mujer y la Familia en 9 de Julio 2652 o al tel\u00e9fono 2284 480100; o la sede judicial local, en Rufino Fal 2943, tel\u00e9fono 2284 423427.<\/span><\/i><\/p>\n","protected":false},"excerpt":{"rendered":"<p>El Tribunal Oral 1 de Azul dispuso la pena para el hombre que est\u00e1 detenido desde 2018. Un jurado lo<\/p>\n","protected":false},"author":4,"featured_media":12885,"comment_status":"closed","ping_status":"closed","sticky":false,"template":"","format":"standard","meta":{"_jetpack_memberships_contains_paid_content":false,"footnotes":""},"categories":[14,1],"tags":[],"class_list":["post-54967","post","type-post","status-publish","format-standard","has-post-thumbnail","hentry","category-policiales","category-portada"],"jetpack_featured_media_url":"https:\/\/i0.wp.com\/cdnoticias.com\/wp-content\/uploads\/2021\/02\/tribunales-e1748092128270.jpg?fit=791%2C417&ssl=1","jetpack_sharing_enabled":true,"_links":{"self":[{"href":"https:\/\/cdnoticias.com\/index.php\/wp-json\/wp\/v2\/posts\/54967","targetHints":{"allow":["GET"]}}],"collection":[{"href":"https:\/\/cdnoticias.com\/index.php\/wp-json\/wp\/v2\/posts"}],"about":[{"href":"https:\/\/cdnoticias.com\/index.php\/wp-json\/wp\/v2\/types\/post"}],"author":[{"embeddable":true,"href":"https:\/\/cdnoticias.com\/index.php\/wp-json\/wp\/v2\/users\/4"}],"replies":[{"embeddable":true,"href":"https:\/\/cdnoticias.com\/index.php\/wp-json\/wp\/v2\/comments?post=54967"}],"version-history":[{"count":0,"href":"https:\/\/cdnoticias.com\/index.php\/wp-json\/wp\/v2\/posts\/54967\/revisions"}],"wp:featuredmedia":[{"embeddable":true,"href":"https:\/\/cdnoticias.com\/index.php\/wp-json\/wp\/v2\/media\/12885"}],"wp:attachment":[{"href":"https:\/\/cdnoticias.com\/index.php\/wp-json\/wp\/v2\/media?parent=54967"}],"wp:term":[{"taxonomy":"category","embeddable":true,"href":"https:\/\/cdnoticias.com\/index.php\/wp-json\/wp\/v2\/categories?post=54967"},{"taxonomy":"post_tag","embeddable":true,"href":"https:\/\/cdnoticias.com\/index.php\/wp-json\/wp\/v2\/tags?post=54967"}],"curies":[{"name":"wp","href":"https:\/\/api.w.org\/{rel}","templated":true}]}}