{"id":54960,"date":"2022-05-18T13:27:40","date_gmt":"2022-05-18T16:27:40","guid":{"rendered":"https:\/\/www.centraldenoticias.com.ar\/?p=54960"},"modified":"2022-05-18T18:03:52","modified_gmt":"2022-05-18T21:03:52","slug":"tres-olavarrienses-acusados-en-azul-por-un-robo-en-un-campo-uno-dio-un-nombre-falso","status":"publish","type":"post","link":"https:\/\/cdnoticias.com\/index.php\/2022\/05\/18\/tres-olavarrienses-acusados-en-azul-por-un-robo-en-un-campo-uno-dio-un-nombre-falso\/","title":{"rendered":"Tres olavarrienses acusados en Azul por un robo en un campo: uno dio un nombre falso"},"content":{"rendered":"<p>Polic\u00edas recuperaron los elementos sustra\u00eddos tras una persecuci\u00f3n. Los sospechosos fueron interceptados en el Enlace &#8220;N\u00e9stor Kirchner&#8221;.<!--more--><\/p>\n<hr \/>\n<p><strong>Dos hombres y un joven con domicilios en Olavarr\u00eda fueron acusados por un robo que se produjo en un campo ubicado en jurisdicci\u00f3n del Partido de Azul durante el fin de semana pasado<\/strong>. En poder de los tres se hallaron algunos de los art\u00edculos robados, lo que se constituy\u00f3 en uno de los principales elementos probatorios para sostener la acusaci\u00f3n de la autor\u00eda.<\/p>\n<p>&nbsp;<\/p>\n<p>Fueron perseguidos e interceptados cuando <strong>transitaban en un veh\u00edculo por el Enlace \u201cN\u00e9stor Kirhcner\u201d<\/strong> en el vecino distrito. Al no poder explicar de forma convincente la procedencia de los art\u00edculos que llevaban, fueron demorados y m\u00e1s tarde quedaron en libertad. Sin embargo, <strong>uno de ellos permanece sin identificar: se sospecha que brind\u00f3 una identidad falsa a la Polic\u00eda<\/strong>.<\/p>\n<p>&nbsp;<\/p>\n<p>En tanto, <strong>poco despu\u00e9s se asent\u00f3 la denuncia por el robo en un campo<\/strong> ubicado en inmediaciones del kil\u00f3metro 399 de la ruta 3 de Azul. Al detallar lo robado se comprob\u00f3 que <strong>se trataba del bot\u00edn que llevaban los olavarrienses, valuado en unos 150.000 pesos.<\/strong><\/p>\n<p>&nbsp;<\/p>\n<p>La investigaci\u00f3n penal tramita en la<strong> UFI 13 que conduce el fiscal Adri\u00e1n Peiretti<\/strong>. Se inici\u00f3 el s\u00e1bado a la madrugada como <strong>\u201caveriguaci\u00f3n de presunto il\u00edcito\u201d<\/strong> y al d\u00eda siguiente cambi\u00f3 a <strong>\u201crobo\u201d<\/strong>.<\/p>\n<p>&nbsp;<\/p>\n<p><strong>Identidades<\/strong><\/p>\n<p>&nbsp;<\/p>\n<p>Tres personas de Olavarr\u00eda fueron interceptadas y quedaron demoradas por polic\u00edas del Comando Rural de Azul tras una persecuci\u00f3n en el enlace hacia las 5 de la madrugada del s\u00e1bado.\u00a0Transitaban en un Toyota Corolla gris y fueron identificados como <strong>Jos\u00e9 Luis Salvareschi -de 52 a\u00f1os de edad y quien conduc\u00eda el auto-, Facundo Vel\u00e1zquez (23) y Carlos Alberto Toledo,<\/strong> quien al parecer se llamar\u00eda de otra manera y habr\u00eda utilizado un nombre falso ante los polic\u00edas para ocultar el suyo.<\/p>\n<p>&nbsp;<\/p>\n<p>Al requisar el veh\u00edculo, que circulaba en direcci\u00f3n hacia Olavarr\u00eda, <strong>los agentes vieron que los sujetos ten\u00edan sus ropas mojadas<\/strong>. Observaron que llevaban diferentes elementos, tanto en el ba\u00fal como en el asiento trasero del auto. Entre ellos <em>una cocina a gas, un electrificador, vajilla, utensilios de cocina, un perchero, una barreta de hierro, una bater\u00eda, dos manijas de cercos el\u00e9ctricos, un bolso, una sierra y una pantalla solar<\/em>.<\/p>\n<p>&nbsp;<\/p>\n<p><strong>Todos estos art\u00edculos fueron secuestrados al igual que el auto y se dispuso la libertad de los sospechosos<\/strong>. Se iniciaron actuaciones por \u201caveriguaci\u00f3n de presunto il\u00edcito\u201d.<\/p>\n<p>&nbsp;<\/p>\n<blockquote><p>Sin embargo, en la ma\u00f1ana del s\u00e1bado cuando personal policial concurri\u00f3 al domicilio de Toledo el hombre neg\u00f3 toda relaci\u00f3n con lo sucedido y afirm\u00f3 que su identidad hab\u00eda sido utilizada por quien estuvo demorado. El hombre asegur\u00f3 que \u201cestaba durmiendo\u201d al momento de los hechos.<\/p><\/blockquote>\n<p>&nbsp;<\/p>\n<p><strong>El robo<\/strong><\/p>\n<p>&nbsp;<\/p>\n<p>Al d\u00eda siguiente se conoci\u00f3 con certeza de d\u00f3nde proven\u00edan los elementos incautados un d\u00eda antes. <strong>El administrador del establecimiento rural &#8220;La Negrita&#8221; -Germ\u00e1n Fossati (42)-, ubicado sobre un camino situado en cercan\u00edas al kil\u00f3metro 339 de la ruta nacional n\u00famero 3, expuso el robo<\/strong>.<\/p>\n<p>&nbsp;<\/p>\n<p>Los autores del il\u00edcito, &#8220;utilizando violencia&#8221; -seg\u00fan se se\u00f1ala en un reporte dado a conocer desde el CPR Azul- hab\u00edan ingresado a la &#8220;casa principal&#8221; para cometer el hecho. As\u00ed se apoderaron de los diferentes elementos. <strong>Ese mismo domingo, Fossati reconoci\u00f3 dichos art\u00edculos como los sustra\u00eddos en el campo<\/strong>.<\/p>\n<p>&nbsp;<\/p>\n<p>Fuente y foto: <em>Diario El Tiempo<\/em><\/p>\n","protected":false},"excerpt":{"rendered":"<p>Polic\u00edas recuperaron los elementos sustra\u00eddos tras una persecuci\u00f3n. Los sospechosos fueron interceptados en el Enlace &#8220;N\u00e9stor Kirchner&#8221;.<\/p>\n","protected":false},"author":4,"featured_media":54961,"comment_status":"closed","ping_status":"closed","sticky":false,"template":"","format":"standard","meta":{"_jetpack_memberships_contains_paid_content":false,"footnotes":""},"categories":[14,1],"tags":[],"class_list":["post-54960","post","type-post","status-publish","format-standard","has-post-thumbnail","hentry","category-policiales","category-portada"],"jetpack_featured_media_url":"https:\/\/i0.wp.com\/cdnoticias.com\/wp-content\/uploads\/2022\/05\/diario-el-tiempo-aprehendidos-en-el-enlace-NK.jpeg?fit=800%2C447&ssl=1","jetpack_sharing_enabled":true,"_links":{"self":[{"href":"https:\/\/cdnoticias.com\/index.php\/wp-json\/wp\/v2\/posts\/54960","targetHints":{"allow":["GET"]}}],"collection":[{"href":"https:\/\/cdnoticias.com\/index.php\/wp-json\/wp\/v2\/posts"}],"about":[{"href":"https:\/\/cdnoticias.com\/index.php\/wp-json\/wp\/v2\/types\/post"}],"author":[{"embeddable":true,"href":"https:\/\/cdnoticias.com\/index.php\/wp-json\/wp\/v2\/users\/4"}],"replies":[{"embeddable":true,"href":"https:\/\/cdnoticias.com\/index.php\/wp-json\/wp\/v2\/comments?post=54960"}],"version-history":[{"count":0,"href":"https:\/\/cdnoticias.com\/index.php\/wp-json\/wp\/v2\/posts\/54960\/revisions"}],"wp:featuredmedia":[{"embeddable":true,"href":"https:\/\/cdnoticias.com\/index.php\/wp-json\/wp\/v2\/media\/54961"}],"wp:attachment":[{"href":"https:\/\/cdnoticias.com\/index.php\/wp-json\/wp\/v2\/media?parent=54960"}],"wp:term":[{"taxonomy":"category","embeddable":true,"href":"https:\/\/cdnoticias.com\/index.php\/wp-json\/wp\/v2\/categories?post=54960"},{"taxonomy":"post_tag","embeddable":true,"href":"https:\/\/cdnoticias.com\/index.php\/wp-json\/wp\/v2\/tags?post=54960"}],"curies":[{"name":"wp","href":"https:\/\/api.w.org\/{rel}","templated":true}]}}