{"id":54922,"date":"2022-05-17T18:59:24","date_gmt":"2022-05-17T21:59:24","guid":{"rendered":"https:\/\/www.centraldenoticias.com.ar\/?p=54922"},"modified":"2022-05-17T18:59:24","modified_gmt":"2022-05-17T21:59:24","slug":"massa-en-la-conectividad-esta-en-juego-el-federalismo","status":"publish","type":"post","link":"https:\/\/cdnoticias.com\/index.php\/2022\/05\/17\/massa-en-la-conectividad-esta-en-juego-el-federalismo\/","title":{"rendered":"Massa: &#8220;En la conectividad est\u00e1 en juego el federalismo&#8221;"},"content":{"rendered":"<p>El presidente de la C\u00e1mara baja, Sergio Massa, particip\u00f3 de varias actividades de gesti\u00f3n junto al ministro de Transporte de la Naci\u00f3n, Alexis Guerrera, al vicegobernador Alejandro Palmieri y al intendente Pedro Pesatti.<!--more--><\/p>\n<hr \/>\n<p>Este lunes, <strong>el presidente de la C\u00e1mara de Diputados de la Naci\u00f3n, Sergio Massa, estuvo en varias ciudades del interior del pa\u00eds en una recorrida junto a funcionarios nacionales.<\/strong> <em>&#8220;Con cada peso que se invierte en conectividad de internet, rutas, trenes y nuevos puertos, se desarrolla federalmente la Argentina\u201d<\/em>, afirm\u00f3 el titular de Diputados.<\/p>\n<p>En<strong> Rio Negro<\/strong>, Sergio Massa, estuvo en la presentaci\u00f3n del<strong> inicio de trabajos para la nueva Terminal de \u00d3mnibus de Viedma<\/strong>, con el titular de la cartera nacional de Transporte Alexis Guerrera, el vicegobernador Alejandro Palmieri, y los jefes comunales Pedro Pasetti (Viedma) y Jos\u00e9 Luis Zara (Carmen de Patagones).<\/p>\n<blockquote>\n<p>El proyecto prev\u00e9 un acondicionamiento integral contemplando la restauraci\u00f3n estructural y replanteo de obras de los servicios p\u00fablicos.<\/p><\/blockquote>\n<p>Al respecto, el presidente de la C\u00e1mara baja sostuvo que<em> &#8220;la conectividad genera igualdad de oportunidades\u201d, y en ese sentido remarc\u00f3 que \u201ces importante que entendamos que en un pa\u00eds de una enorme extensi\u00f3n, se necesita de la conectividad para tener desarrollo federal\u201d.<\/em><\/p>\n<p>&nbsp;<\/p>\n<p><img data-recalc-dims=\"1\" loading=\"lazy\" decoding=\"async\" class=\"aligncenter size-full wp-image-54923\" src=\"https:\/\/i0.wp.com\/cdnoticias.com\/wp-content\/uploads\/2022\/05\/WhatsApp-Image-2022-05-16-at-10.27.38-PM-1.jpeg?resize=800%2C533&#038;ssl=1\" alt=\"\" width=\"800\" height=\"533\" srcset=\"https:\/\/i0.wp.com\/cdnoticias.com\/wp-content\/uploads\/2022\/05\/WhatsApp-Image-2022-05-16-at-10.27.38-PM-1.jpeg?w=1024&amp;ssl=1 1024w, https:\/\/i0.wp.com\/cdnoticias.com\/wp-content\/uploads\/2022\/05\/WhatsApp-Image-2022-05-16-at-10.27.38-PM-1.jpeg?resize=300%2C200&amp;ssl=1 300w, https:\/\/i0.wp.com\/cdnoticias.com\/wp-content\/uploads\/2022\/05\/WhatsApp-Image-2022-05-16-at-10.27.38-PM-1.jpeg?resize=768%2C512&amp;ssl=1 768w, https:\/\/i0.wp.com\/cdnoticias.com\/wp-content\/uploads\/2022\/05\/WhatsApp-Image-2022-05-16-at-10.27.38-PM-1.jpeg?resize=272%2C182&amp;ssl=1 272w\" sizes=\"auto, (max-width: 800px) 100vw, 800px\" \/><\/p>\n<blockquote>\n<p>&#8220;Con cada peso que se invierte en conectividad de internet, rutas, trenes y nuevos puertos, se desarrolla federalmente la Argentina\u201d, destac\u00f3 Massa y agreg\u00f3 que &#8220;en la conectividad est\u00e1 en juego el federalismo&#8221;.<\/p><\/blockquote>\n<p>Por la ma\u00f1ana,<strong> los dirigentes visitaron la Estaci\u00f3n Viedma del Tren Patag\u00f3nico, que une a la capital provincial con la ciudad de Bariloche<\/strong>, para conocer las restauraciones llevadas adelante por el Ministerio de Transporte.<\/p>\n<p>Tambi\u00e9n, Massa comparti\u00f3 un <strong>encuentro en la Universidad Nacional de Rio Negro con el rector Mg. Anselmo Torres.<\/strong><\/p>\n<p>Durante la tarde<strong>, el presidente de Diputados estuvo en Carmen de Patagones, provincia de Buenos Aires<\/strong>, donde visit\u00f3 el Centro de Salud Mercantil y se reuni\u00f3 con el secretario general de empleados de comercio, concejal y referente del FR, Ricardo Marino.<\/p>\n","protected":false},"excerpt":{"rendered":"<p>El presidente de la C\u00e1mara baja, Sergio Massa, particip\u00f3 de varias actividades de gesti\u00f3n junto al ministro de Transporte de<\/p>\n","protected":false},"author":5,"featured_media":54924,"comment_status":"closed","ping_status":"closed","sticky":false,"template":"","format":"standard","meta":{"_jetpack_memberships_contains_paid_content":false,"footnotes":""},"categories":[6,1],"tags":[],"class_list":["post-54922","post","type-post","status-publish","format-standard","has-post-thumbnail","hentry","category-nacionales","category-portada"],"jetpack_featured_media_url":"https:\/\/i0.wp.com\/cdnoticias.com\/wp-content\/uploads\/2022\/05\/WhatsApp-Image-2022-05-16-at-10.27.38-PM.jpeg?fit=1024%2C682&ssl=1","jetpack_sharing_enabled":true,"_links":{"self":[{"href":"https:\/\/cdnoticias.com\/index.php\/wp-json\/wp\/v2\/posts\/54922","targetHints":{"allow":["GET"]}}],"collection":[{"href":"https:\/\/cdnoticias.com\/index.php\/wp-json\/wp\/v2\/posts"}],"about":[{"href":"https:\/\/cdnoticias.com\/index.php\/wp-json\/wp\/v2\/types\/post"}],"author":[{"embeddable":true,"href":"https:\/\/cdnoticias.com\/index.php\/wp-json\/wp\/v2\/users\/5"}],"replies":[{"embeddable":true,"href":"https:\/\/cdnoticias.com\/index.php\/wp-json\/wp\/v2\/comments?post=54922"}],"version-history":[{"count":0,"href":"https:\/\/cdnoticias.com\/index.php\/wp-json\/wp\/v2\/posts\/54922\/revisions"}],"wp:featuredmedia":[{"embeddable":true,"href":"https:\/\/cdnoticias.com\/index.php\/wp-json\/wp\/v2\/media\/54924"}],"wp:attachment":[{"href":"https:\/\/cdnoticias.com\/index.php\/wp-json\/wp\/v2\/media?parent=54922"}],"wp:term":[{"taxonomy":"category","embeddable":true,"href":"https:\/\/cdnoticias.com\/index.php\/wp-json\/wp\/v2\/categories?post=54922"},{"taxonomy":"post_tag","embeddable":true,"href":"https:\/\/cdnoticias.com\/index.php\/wp-json\/wp\/v2\/tags?post=54922"}],"curies":[{"name":"wp","href":"https:\/\/api.w.org\/{rel}","templated":true}]}}