{"id":5492,"date":"2020-11-03T09:27:01","date_gmt":"2020-11-03T12:27:01","guid":{"rendered":"http:\/\/www.centraldenoticias.com.ar\/?p=5492"},"modified":"2020-11-03T11:19:57","modified_gmt":"2020-11-03T14:19:57","slug":"testeos-masivos-comenzo-la-campana-en-el-servicio-territorial-n-2","status":"publish","type":"post","link":"https:\/\/cdnoticias.com\/index.php\/2020\/11\/03\/testeos-masivos-comenzo-la-campana-en-el-servicio-territorial-n-2\/","title":{"rendered":"Testeos masivos: comenz\u00f3 la campa\u00f1a en el Servicio Territorial N\u00b0 2"},"content":{"rendered":"<p>Se trata del programa RTA, que contin\u00faa su tercera etapa en Alberdi y Coronel Su\u00e1rez hasta las 10 de la ma\u00f1ana. Esta noche se conocer\u00e1n los resultados.<!--more--><\/p>\n<hr \/>\n<p>En la jornada de este martes, y desde las 9 de la ma\u00f1ana, <strong>comenz\u00f3 la segunda jornada de la tercera etapa del Programa RTA en el Servicio Territorial Municipal N\u00b0 2, ubicado en Alberdi y Coronel Su\u00e1rez.<\/strong><\/p>\n<p>&nbsp;<\/p>\n<blockquote><p>El personal de Salud municipal estar\u00e1 hasta poco m\u00e1s de las 10 de la ma\u00f1ana realizando hisopados a los vecinos que se acerquen y presenten s\u00edntomas compatibles con COVID-19.<\/p><\/blockquote>\n<p>&nbsp;<\/p>\n<p>Justamente, se record\u00f3 que <strong>solo se realizar\u00e1 el estudio a aquellos pacientes que presenten s\u00edntomas vinculados al virus<\/strong>: tos, falta de olfato, falta de gusto, m\u00e1s de 37.5\u00ba de fiebre, dolor de garganta, falta de aire o m\u00e1s de 48 horas con diarrea.<\/p>\n<p>&nbsp;<\/p>\n<p>Hasta tanto se conozcan los resultados, <strong>las personas hisopadas se deber\u00e1n aislar junto con sus contactos estrechos.<\/strong> Durante el d\u00eda se ir\u00e1n notificando los resultados, y el total de la jornada se conocer\u00e1 al cierre del d\u00eda.<\/p>\n<p>&nbsp;<\/p>\n<p>En caso de confirmarse el caso,<strong> deber\u00e1n mantenerse aisladas salvo complicaciones en su salud, que requerir\u00e1n de un trabajo m\u00e1s intensivo de personal del \u00e1rea.<\/strong><\/p>\n","protected":false},"excerpt":{"rendered":"<p>Se trata del programa RTA, que contin\u00faa su tercera etapa en Alberdi y Coronel Su\u00e1rez hasta las 10 de la<\/p>\n","protected":false},"author":2,"featured_media":4879,"comment_status":"closed","ping_status":"closed","sticky":false,"template":"","format":"standard","meta":{"_jetpack_memberships_contains_paid_content":false,"footnotes":""},"categories":[5],"tags":[],"class_list":["post-5492","post","type-post","status-publish","format-standard","has-post-thumbnail","hentry","category-informacion-general"],"jetpack_featured_media_url":"https:\/\/i0.wp.com\/cdnoticias.com\/wp-content\/uploads\/2020\/10\/WhatsApp-Image-2020-10-24-at-15.00.01-1024x576-1.jpeg?fit=1024%2C576&ssl=1","jetpack_sharing_enabled":true,"_links":{"self":[{"href":"https:\/\/cdnoticias.com\/index.php\/wp-json\/wp\/v2\/posts\/5492","targetHints":{"allow":["GET"]}}],"collection":[{"href":"https:\/\/cdnoticias.com\/index.php\/wp-json\/wp\/v2\/posts"}],"about":[{"href":"https:\/\/cdnoticias.com\/index.php\/wp-json\/wp\/v2\/types\/post"}],"author":[{"embeddable":true,"href":"https:\/\/cdnoticias.com\/index.php\/wp-json\/wp\/v2\/users\/2"}],"replies":[{"embeddable":true,"href":"https:\/\/cdnoticias.com\/index.php\/wp-json\/wp\/v2\/comments?post=5492"}],"version-history":[{"count":0,"href":"https:\/\/cdnoticias.com\/index.php\/wp-json\/wp\/v2\/posts\/5492\/revisions"}],"wp:featuredmedia":[{"embeddable":true,"href":"https:\/\/cdnoticias.com\/index.php\/wp-json\/wp\/v2\/media\/4879"}],"wp:attachment":[{"href":"https:\/\/cdnoticias.com\/index.php\/wp-json\/wp\/v2\/media?parent=5492"}],"wp:term":[{"taxonomy":"category","embeddable":true,"href":"https:\/\/cdnoticias.com\/index.php\/wp-json\/wp\/v2\/categories?post=5492"},{"taxonomy":"post_tag","embeddable":true,"href":"https:\/\/cdnoticias.com\/index.php\/wp-json\/wp\/v2\/tags?post=5492"}],"curies":[{"name":"wp","href":"https:\/\/api.w.org\/{rel}","templated":true}]}}