{"id":54913,"date":"2022-05-17T20:39:47","date_gmt":"2022-05-17T23:39:47","guid":{"rendered":"https:\/\/www.centraldenoticias.com.ar\/?p=54913"},"modified":"2022-05-17T20:39:47","modified_gmt":"2022-05-17T23:39:47","slug":"el-diputado-rogelio-iparraguirre-brindo-una-charla-en-el-pj","status":"publish","type":"post","link":"https:\/\/cdnoticias.com\/index.php\/2022\/05\/17\/el-diputado-rogelio-iparraguirre-brindo-una-charla-en-el-pj\/","title":{"rendered":"El diputado Rogelio Iparraguirre brind\u00f3 una charla en el PJ"},"content":{"rendered":"<p>Se explicaron los lineamientos generales del proyecto ley para la creaci\u00f3n del Fondo Nacional para la cancelaci\u00f3n de la deuda con el FMI.<!--more--><\/p>\n<hr \/>\n<p>&nbsp;<\/p>\n<p>Este pasado lunes, <strong>Rogelio Iparraguirre, diputado nacional<\/strong> y \u00faltimo candidato a intendente de Tandil por el <strong>Frente de Todos<\/strong>, <strong>encabez\u00f3 un encuentro junto a Federico Aguilera y Estela Peralta<\/strong>, presidente y vicepresidenta del <strong>Partido Justicialista de Olavarr\u00eda.<\/strong><\/p>\n<p>&nbsp;<\/p>\n<p>&#8220;Durante la presentaci\u00f3n a sala llena, se explicaron los <strong>lineamientos generales del proyecto ley para la creaci\u00f3n del Fondo Nacional para la cancelaci\u00f3n de la deuda con el FMI<\/strong>, que ya tiene <strong>media sanci\u00f3n en la C\u00e1mara de Senadores<\/strong>&#8221; se indic\u00f3.<\/p>\n<p>&nbsp;<\/p>\n<p><img data-recalc-dims=\"1\" loading=\"lazy\" decoding=\"async\" class=\"aligncenter wp-image-54915 size-full\" src=\"https:\/\/i0.wp.com\/cdnoticias.com\/wp-content\/uploads\/2022\/05\/WhatsApp-Image-2022-05-17-at-10.15.58-AM.jpeg?resize=800%2C533&#038;ssl=1\" alt=\"\" width=\"800\" height=\"533\" srcset=\"https:\/\/i0.wp.com\/cdnoticias.com\/wp-content\/uploads\/2022\/05\/WhatsApp-Image-2022-05-17-at-10.15.58-AM.jpeg?w=960&amp;ssl=1 960w, https:\/\/i0.wp.com\/cdnoticias.com\/wp-content\/uploads\/2022\/05\/WhatsApp-Image-2022-05-17-at-10.15.58-AM.jpeg?resize=300%2C200&amp;ssl=1 300w, https:\/\/i0.wp.com\/cdnoticias.com\/wp-content\/uploads\/2022\/05\/WhatsApp-Image-2022-05-17-at-10.15.58-AM.jpeg?resize=768%2C512&amp;ssl=1 768w, https:\/\/i0.wp.com\/cdnoticias.com\/wp-content\/uploads\/2022\/05\/WhatsApp-Image-2022-05-17-at-10.15.58-AM.jpeg?resize=272%2C182&amp;ssl=1 272w\" sizes=\"auto, (max-width: 800px) 100vw, 800px\" \/><\/p>\n<p>&nbsp;<\/p>\n<p><img data-recalc-dims=\"1\" loading=\"lazy\" decoding=\"async\" class=\"aligncenter wp-image-54916 size-full\" src=\"https:\/\/i0.wp.com\/cdnoticias.com\/wp-content\/uploads\/2022\/05\/WhatsApp-Image-2022-05-17-at-10.15.54-AM.jpeg?resize=800%2C495&#038;ssl=1\" alt=\"\" width=\"800\" height=\"495\" srcset=\"https:\/\/i0.wp.com\/cdnoticias.com\/wp-content\/uploads\/2022\/05\/WhatsApp-Image-2022-05-17-at-10.15.54-AM.jpeg?w=960&amp;ssl=1 960w, https:\/\/i0.wp.com\/cdnoticias.com\/wp-content\/uploads\/2022\/05\/WhatsApp-Image-2022-05-17-at-10.15.54-AM.jpeg?resize=300%2C186&amp;ssl=1 300w, https:\/\/i0.wp.com\/cdnoticias.com\/wp-content\/uploads\/2022\/05\/WhatsApp-Image-2022-05-17-at-10.15.54-AM.jpeg?resize=768%2C475&amp;ssl=1 768w\" sizes=\"auto, (max-width: 800px) 100vw, 800px\" \/><\/p>\n<p>&nbsp;<\/p>\n<p><strong>Iparraguirre,<\/strong> quien expuso durante m\u00e1s de una hora, detall\u00f3 los <strong>diferentes proyectos que est\u00e1n en tratamiento y los alcances de los mismos.<\/strong><\/p>\n<p>&nbsp;<\/p>\n<p>Por \u00faltimo concluy\u00f3 que \u201cdespu\u00e9s de la media sanci\u00f3n en la C\u00e1mara de Senadores, <strong>desde el Bloque de Diputados vamos a trabajar para que este proyecto sea ley\u201d.<\/strong><\/p>\n","protected":false},"excerpt":{"rendered":"<p>Se explicaron los lineamientos generales del proyecto ley para la creaci\u00f3n del Fondo Nacional para la cancelaci\u00f3n de la deuda<\/p>\n","protected":false},"author":6,"featured_media":54914,"comment_status":"closed","ping_status":"closed","sticky":false,"template":"","format":"standard","meta":{"_jetpack_memberships_contains_paid_content":false,"footnotes":""},"categories":[4,1],"tags":[],"class_list":["post-54913","post","type-post","status-publish","format-standard","has-post-thumbnail","hentry","category-politica","category-portada"],"jetpack_featured_media_url":"https:\/\/i0.wp.com\/cdnoticias.com\/wp-content\/uploads\/2022\/05\/WhatsApp-Image-2022-05-17-at-10.15.50-AM.jpeg?fit=960%2C640&ssl=1","jetpack_sharing_enabled":true,"_links":{"self":[{"href":"https:\/\/cdnoticias.com\/index.php\/wp-json\/wp\/v2\/posts\/54913","targetHints":{"allow":["GET"]}}],"collection":[{"href":"https:\/\/cdnoticias.com\/index.php\/wp-json\/wp\/v2\/posts"}],"about":[{"href":"https:\/\/cdnoticias.com\/index.php\/wp-json\/wp\/v2\/types\/post"}],"author":[{"embeddable":true,"href":"https:\/\/cdnoticias.com\/index.php\/wp-json\/wp\/v2\/users\/6"}],"replies":[{"embeddable":true,"href":"https:\/\/cdnoticias.com\/index.php\/wp-json\/wp\/v2\/comments?post=54913"}],"version-history":[{"count":0,"href":"https:\/\/cdnoticias.com\/index.php\/wp-json\/wp\/v2\/posts\/54913\/revisions"}],"wp:featuredmedia":[{"embeddable":true,"href":"https:\/\/cdnoticias.com\/index.php\/wp-json\/wp\/v2\/media\/54914"}],"wp:attachment":[{"href":"https:\/\/cdnoticias.com\/index.php\/wp-json\/wp\/v2\/media?parent=54913"}],"wp:term":[{"taxonomy":"category","embeddable":true,"href":"https:\/\/cdnoticias.com\/index.php\/wp-json\/wp\/v2\/categories?post=54913"},{"taxonomy":"post_tag","embeddable":true,"href":"https:\/\/cdnoticias.com\/index.php\/wp-json\/wp\/v2\/tags?post=54913"}],"curies":[{"name":"wp","href":"https:\/\/api.w.org\/{rel}","templated":true}]}}