{"id":54902,"date":"2022-05-20T12:07:11","date_gmt":"2022-05-20T15:07:11","guid":{"rendered":"https:\/\/www.centraldenoticias.com.ar\/?p=54902"},"modified":"2022-05-20T12:07:11","modified_gmt":"2022-05-20T15:07:11","slug":"se-realizara-un-taller-de-collage-para-personas-mayores","status":"publish","type":"post","link":"https:\/\/cdnoticias.com\/index.php\/2022\/05\/20\/se-realizara-un-taller-de-collage-para-personas-mayores\/","title":{"rendered":"Se realizar\u00e1 un taller de collage para personas mayores"},"content":{"rendered":"<p>Ser\u00e1 en el Centro Cultural San Jos\u00e9 el s\u00e1bado 21 de mayo a las 16:00. Los cupos son limitados y por orden de llegada.<!--more--><\/p>\n<hr \/>\n<p>&nbsp;<\/p>\n<p>En el marco de la muestra colectiva<strong> Embajada Collage Olavarr\u00eda<\/strong>, expuesta en el <strong>Centro Cultural Municipal \u201cSan Jos\u00e9\u201d<\/strong>; el <strong>s\u00e1bado 21 de mayo a las 16:00 los artistas brindar\u00e1n un nuevo taller de collage<\/strong>, en esta ocasi\u00f3n destinado a <strong>personas mayores.<\/strong> <strong>Los cupos son limitados <\/strong>y el acceso es por orden de llegada.<\/p>\n<p>&nbsp;<\/p>\n<p>Tanto este tipo de talleres como la exposici\u00f3n en general, se encuadran en una iniciativa de la <strong>Sociedad Argentina de Collage<\/strong>, la cual busca <strong>crear una red de collagistas en toda la Rep\u00fablica Argentina<\/strong>, reunidos bajo un mismo objetivo: difundir su trabajo, crear lazos entre artistas y colectivos, posicionar la t\u00e9cnica en el mundo art\u00edstico y consolidar una comunidad. <strong>En Olavarr\u00eda esta sociedad se conform\u00f3 a fines del 2021.<\/strong><\/p>\n<p>&nbsp;<\/p>\n<p>Es en este contexto que se exhibe la muestra en el Centro Cultural Municipal, que cuenta con las obras de cinco artistas: Juan D. Fleitas, Melisa Prado, Nicol\u00e1s Rodr\u00edguez Pane, Pilar Garc\u00eda Ferrari y Valeria Porello, quienes intentan visibilizar y movilizar a\u00fan m\u00e1s el arte gr\u00e1fico en la ciudad. Los artistas abordan diversas t\u00e9cnicas para que coincidan en el collage, expresando diferentes ideas, emociones, cotidianidades y muchos m\u00e1s.<\/p>\n<p>&nbsp;<\/p>\n<p>La muestra <strong>Embajada Collage Olavarr\u00eda<\/strong> est\u00e1 expuesta en las salas 1, 2 y 3 mientras que la sala 4 tiene actividades l\u00fadicas. <strong>El horario de visita es s\u00e1bados, domingos y feriados de 15:00 a 19:00.<\/strong><\/p>\n<div class=\"at-below-post addthis_tool\" data-url=\"https:\/\/www.olavarria.gov.ar\/taller-de-collage-para-personas-mayores-en-el-centro-cultural-municipal\/\" data-title=\"Taller de collage para personas mayores en el Centro Cultural Municipal | Municipalidad del Partido de Olavarr\u00eda\">\n<div id=\"atstbx\" class=\"at-share-tbx-element addthis-smartlayers addthis-animated at4-show\" role=\"region\" aria-labelledby=\"at-2ad6db5d-bcc0-4e6e-9aa4-3a067a60428b\">\n<p>&nbsp;<\/p>\n<div class=\"at-share-btn-elements\"><\/div>\n<\/div>\n<\/div>\n","protected":false},"excerpt":{"rendered":"<p>Ser\u00e1 en el Centro Cultural San Jos\u00e9 el s\u00e1bado 21 de mayo a las 16:00. Los cupos son limitados y<\/p>\n","protected":false},"author":6,"featured_media":54903,"comment_status":"closed","ping_status":"closed","sticky":false,"template":"","format":"standard","meta":{"_jetpack_memberships_contains_paid_content":false,"footnotes":""},"categories":[9,1],"tags":[],"class_list":["post-54902","post","type-post","status-publish","format-standard","has-post-thumbnail","hentry","category-cultura","category-portada"],"jetpack_featured_media_url":"https:\/\/i0.wp.com\/cdnoticias.com\/wp-content\/uploads\/2022\/05\/Cultura-Muestra-Embajada-Collage-Olavarria-2.jpg?fit=653%2C923&ssl=1","jetpack_sharing_enabled":true,"_links":{"self":[{"href":"https:\/\/cdnoticias.com\/index.php\/wp-json\/wp\/v2\/posts\/54902","targetHints":{"allow":["GET"]}}],"collection":[{"href":"https:\/\/cdnoticias.com\/index.php\/wp-json\/wp\/v2\/posts"}],"about":[{"href":"https:\/\/cdnoticias.com\/index.php\/wp-json\/wp\/v2\/types\/post"}],"author":[{"embeddable":true,"href":"https:\/\/cdnoticias.com\/index.php\/wp-json\/wp\/v2\/users\/6"}],"replies":[{"embeddable":true,"href":"https:\/\/cdnoticias.com\/index.php\/wp-json\/wp\/v2\/comments?post=54902"}],"version-history":[{"count":0,"href":"https:\/\/cdnoticias.com\/index.php\/wp-json\/wp\/v2\/posts\/54902\/revisions"}],"wp:featuredmedia":[{"embeddable":true,"href":"https:\/\/cdnoticias.com\/index.php\/wp-json\/wp\/v2\/media\/54903"}],"wp:attachment":[{"href":"https:\/\/cdnoticias.com\/index.php\/wp-json\/wp\/v2\/media?parent=54902"}],"wp:term":[{"taxonomy":"category","embeddable":true,"href":"https:\/\/cdnoticias.com\/index.php\/wp-json\/wp\/v2\/categories?post=54902"},{"taxonomy":"post_tag","embeddable":true,"href":"https:\/\/cdnoticias.com\/index.php\/wp-json\/wp\/v2\/tags?post=54902"}],"curies":[{"name":"wp","href":"https:\/\/api.w.org\/{rel}","templated":true}]}}