{"id":54898,"date":"2022-05-17T19:30:07","date_gmt":"2022-05-17T22:30:07","guid":{"rendered":"https:\/\/www.centraldenoticias.com.ar\/?p=54898"},"modified":"2022-05-17T19:30:07","modified_gmt":"2022-05-17T22:30:07","slug":"defensa-civil-realizo-una-capacitacion-de-rcp-y-primeros-auxilios","status":"publish","type":"post","link":"https:\/\/cdnoticias.com\/index.php\/2022\/05\/17\/defensa-civil-realizo-una-capacitacion-de-rcp-y-primeros-auxilios\/","title":{"rendered":"Defensa Civil realiz\u00f3 una capacitaci\u00f3n de RCP y primeros auxilios"},"content":{"rendered":"<p>Fue destinada al equipo de Programa de Promoci\u00f3n de Derechos para Personas con Discapacidad y Personas Mayores.<!--more--><\/p>\n<hr \/>\n<p>&nbsp;<\/p>\n<p>El Municipio de Olavarr\u00eda inform\u00f3 que d\u00edas pasados, el equipo de<strong> Programa de Promoci\u00f3n de Derechos para Personas con Discapacidad y Personas Mayores recibi\u00f3 una capacitaci\u00f3n sobre RCP y primeros auxilios,<\/strong> a cargo del director de Defensa Civil, <strong>Adri\u00e1n Guevara<\/strong>\u00a0 e integrantes de su equipo.<\/p>\n<p>&nbsp;<\/p>\n<p>&#8220;Esta jornada, tuvo como objetivo brindar conocimientos espec\u00edficos en la materia al personal, y preparaci\u00f3n b\u00e1sica para eventuales situaciones que impliquen riesgo de vida para otras personas&#8221; se indic\u00f3.<\/p>\n<p>&nbsp;<\/p>\n<p><img data-recalc-dims=\"1\" loading=\"lazy\" decoding=\"async\" class=\"aligncenter wp-image-54900 size-large\" src=\"https:\/\/i0.wp.com\/cdnoticias.com\/wp-content\/uploads\/2022\/05\/DH-Rcp-Capacitacion-Discapacidad-y-Adultos-1.jpg?resize=800%2C533&#038;ssl=1\" alt=\"\" width=\"800\" height=\"533\" srcset=\"https:\/\/i0.wp.com\/cdnoticias.com\/wp-content\/uploads\/2022\/05\/DH-Rcp-Capacitacion-Discapacidad-y-Adultos-1.jpg?resize=1024%2C682&amp;ssl=1 1024w, https:\/\/i0.wp.com\/cdnoticias.com\/wp-content\/uploads\/2022\/05\/DH-Rcp-Capacitacion-Discapacidad-y-Adultos-1.jpg?resize=300%2C200&amp;ssl=1 300w, https:\/\/i0.wp.com\/cdnoticias.com\/wp-content\/uploads\/2022\/05\/DH-Rcp-Capacitacion-Discapacidad-y-Adultos-1.jpg?resize=768%2C512&amp;ssl=1 768w, https:\/\/i0.wp.com\/cdnoticias.com\/wp-content\/uploads\/2022\/05\/DH-Rcp-Capacitacion-Discapacidad-y-Adultos-1.jpg?resize=1536%2C1024&amp;ssl=1 1536w, https:\/\/i0.wp.com\/cdnoticias.com\/wp-content\/uploads\/2022\/05\/DH-Rcp-Capacitacion-Discapacidad-y-Adultos-1.jpg?resize=272%2C182&amp;ssl=1 272w, https:\/\/i0.wp.com\/cdnoticias.com\/wp-content\/uploads\/2022\/05\/DH-Rcp-Capacitacion-Discapacidad-y-Adultos-1.jpg?w=1772&amp;ssl=1 1772w, https:\/\/i0.wp.com\/cdnoticias.com\/wp-content\/uploads\/2022\/05\/DH-Rcp-Capacitacion-Discapacidad-y-Adultos-1.jpg?w=1600&amp;ssl=1 1600w\" sizes=\"auto, (max-width: 800px) 100vw, 800px\" \/><\/p>\n<p>&nbsp;<\/p>\n<p>La referente del Programa, <strong>Romina Sponer<\/strong>, agradeci\u00f3 la posibilidad de acceder a esta jornada formativa y\u00a0<strong>\u201ccontar con la informaci\u00f3n b\u00e1sica necesaria para intervenir en urgencias, y asistir a las personas, en primera instancia hasta contar con el soporte del \u00e1rea de Salud&#8221;<\/strong>.<\/p>\n<p>&nbsp;<\/p>\n<p>Por \u00faltimo, subray\u00f3 \u201cla buena predisposici\u00f3n de Defensa Civil, el profesionalismo y todos los recursos que tanto Adri\u00e1n como su equipo pusieron a nuestro alcance, que estaremos capitalizando en el futuro de ser necesario\u201d.<\/p>\n","protected":false},"excerpt":{"rendered":"<p>Fue destinada al equipo de Programa de Promoci\u00f3n de Derechos para Personas con Discapacidad y Personas Mayores.<\/p>\n","protected":false},"author":6,"featured_media":54899,"comment_status":"closed","ping_status":"closed","sticky":false,"template":"","format":"standard","meta":{"_jetpack_memberships_contains_paid_content":false,"footnotes":""},"categories":[5],"tags":[],"class_list":["post-54898","post","type-post","status-publish","format-standard","has-post-thumbnail","hentry","category-informacion-general"],"jetpack_featured_media_url":"https:\/\/i0.wp.com\/cdnoticias.com\/wp-content\/uploads\/2022\/05\/DH-Rcp-Capacitacion-Discapacidad-y-Adultos-2.jpg?fit=1772%2C1181&ssl=1","jetpack_sharing_enabled":true,"_links":{"self":[{"href":"https:\/\/cdnoticias.com\/index.php\/wp-json\/wp\/v2\/posts\/54898","targetHints":{"allow":["GET"]}}],"collection":[{"href":"https:\/\/cdnoticias.com\/index.php\/wp-json\/wp\/v2\/posts"}],"about":[{"href":"https:\/\/cdnoticias.com\/index.php\/wp-json\/wp\/v2\/types\/post"}],"author":[{"embeddable":true,"href":"https:\/\/cdnoticias.com\/index.php\/wp-json\/wp\/v2\/users\/6"}],"replies":[{"embeddable":true,"href":"https:\/\/cdnoticias.com\/index.php\/wp-json\/wp\/v2\/comments?post=54898"}],"version-history":[{"count":0,"href":"https:\/\/cdnoticias.com\/index.php\/wp-json\/wp\/v2\/posts\/54898\/revisions"}],"wp:featuredmedia":[{"embeddable":true,"href":"https:\/\/cdnoticias.com\/index.php\/wp-json\/wp\/v2\/media\/54899"}],"wp:attachment":[{"href":"https:\/\/cdnoticias.com\/index.php\/wp-json\/wp\/v2\/media?parent=54898"}],"wp:term":[{"taxonomy":"category","embeddable":true,"href":"https:\/\/cdnoticias.com\/index.php\/wp-json\/wp\/v2\/categories?post=54898"},{"taxonomy":"post_tag","embeddable":true,"href":"https:\/\/cdnoticias.com\/index.php\/wp-json\/wp\/v2\/tags?post=54898"}],"curies":[{"name":"wp","href":"https:\/\/api.w.org\/{rel}","templated":true}]}}