{"id":54893,"date":"2022-05-17T16:34:34","date_gmt":"2022-05-17T19:34:34","guid":{"rendered":"https:\/\/www.centraldenoticias.com.ar\/?p=54893"},"modified":"2022-05-17T16:34:34","modified_gmt":"2022-05-17T19:34:34","slug":"stella-maris-pacheco-mary-q-e-p-d","status":"publish","type":"post","link":"https:\/\/cdnoticias.com\/index.php\/2022\/05\/17\/stella-maris-pacheco-mary-q-e-p-d\/","title":{"rendered":"Stella Maris Pacheco &#8220;Mary\u201d (Q.E.P.D.)"},"content":{"rendered":"<p>Falleci\u00f3 en Olavarr\u00eda el 17 de mayo de 2022 a los 61 a\u00f1os. Su esposo Oscar Palacios; sus hijos Rafael, Cristian, Carina, Ana, Diego, Vanesa, Juan Pablo, Juan Cruz, Maximiliano, Franco, Facundo, Sergio, Yanina, Rodrigo y Roc\u00edo; sus hijos pol\u00edticos; sus nietos y dem\u00e1s deudos participan\u00a0su fallecimiento.<\/p>\n<p>&nbsp;<\/p>\n<p>Sus restos ser\u00e1n velados en la sala de Espa\u00f1a 2942 departamento \u201cC\u201d desde este martes a las 15:00 horas y finaliza el mi\u00e9rcoles a las 09:00, e inhumados en el Crematorio Pinos de Paz, en d\u00eda y horario a confirmar. Servicio adherido al Sindicato de Trabajadores Municipales de Olavarr\u00eda.<\/p>\n<p>&nbsp;<\/p>\n<p>Nacida en Olavarr\u00eda, vecina de barrio Hip\u00f3lito Yrigoyen, jubilada.<\/p>\n","protected":false},"excerpt":{"rendered":"<p>Falleci\u00f3 en Olavarr\u00eda el 17 de mayo de 2022 a los 61 a\u00f1os. Su esposo Oscar Palacios; sus hijos Rafael,<\/p>\n","protected":false},"author":5,"featured_media":51544,"comment_status":"closed","ping_status":"closed","sticky":false,"template":"","format":"standard","meta":{"_jetpack_memberships_contains_paid_content":false,"footnotes":""},"categories":[10],"tags":[],"class_list":["post-54893","post","type-post","status-publish","format-standard","has-post-thumbnail","hentry","category-necrologicas"],"jetpack_featured_media_url":"https:\/\/i0.wp.com\/cdnoticias.com\/wp-content\/uploads\/2022\/04\/necrologicas-390-x-240.jpg?fit=390%2C240&ssl=1","jetpack_sharing_enabled":true,"_links":{"self":[{"href":"https:\/\/cdnoticias.com\/index.php\/wp-json\/wp\/v2\/posts\/54893","targetHints":{"allow":["GET"]}}],"collection":[{"href":"https:\/\/cdnoticias.com\/index.php\/wp-json\/wp\/v2\/posts"}],"about":[{"href":"https:\/\/cdnoticias.com\/index.php\/wp-json\/wp\/v2\/types\/post"}],"author":[{"embeddable":true,"href":"https:\/\/cdnoticias.com\/index.php\/wp-json\/wp\/v2\/users\/5"}],"replies":[{"embeddable":true,"href":"https:\/\/cdnoticias.com\/index.php\/wp-json\/wp\/v2\/comments?post=54893"}],"version-history":[{"count":0,"href":"https:\/\/cdnoticias.com\/index.php\/wp-json\/wp\/v2\/posts\/54893\/revisions"}],"wp:featuredmedia":[{"embeddable":true,"href":"https:\/\/cdnoticias.com\/index.php\/wp-json\/wp\/v2\/media\/51544"}],"wp:attachment":[{"href":"https:\/\/cdnoticias.com\/index.php\/wp-json\/wp\/v2\/media?parent=54893"}],"wp:term":[{"taxonomy":"category","embeddable":true,"href":"https:\/\/cdnoticias.com\/index.php\/wp-json\/wp\/v2\/categories?post=54893"},{"taxonomy":"post_tag","embeddable":true,"href":"https:\/\/cdnoticias.com\/index.php\/wp-json\/wp\/v2\/tags?post=54893"}],"curies":[{"name":"wp","href":"https:\/\/api.w.org\/{rel}","templated":true}]}}