{"id":54889,"date":"2022-05-17T17:53:36","date_gmt":"2022-05-17T20:53:36","guid":{"rendered":"https:\/\/www.centraldenoticias.com.ar\/?p=54889"},"modified":"2022-05-17T19:32:36","modified_gmt":"2022-05-17T22:32:36","slug":"con-unidad-crecimiento-e-inclusion-el-ceco-celebra-hoy-119-anos","status":"publish","type":"post","link":"https:\/\/cdnoticias.com\/index.php\/2022\/05\/17\/con-unidad-crecimiento-e-inclusion-el-ceco-celebra-hoy-119-anos\/","title":{"rendered":"Con unidad, crecimiento e inclusi\u00f3n el CECO celebra hoy 119 a\u00f1os"},"content":{"rendered":"<p>El Centro Empleados de Comercio celebra este martes 119 a\u00f1os. Sostuvo sus servicios durante la pandemia y acompa\u00f1\u00f3 a los trabajadores esenciales. Adem\u00e1s realizaron modificaciones al estatuto del sindicato, con el objetivo de aumentar la participaci\u00f3n e incorporar los avances tecnol\u00f3gicos.<!--more--><\/p>\n<hr \/>\n<p><strong>El Centro Empleados de Comercio Olavarr\u00eda (CECO) celebra este martes su 119\u00ba aniversario en la defensa de los empleados y empleadas mercantiles de nuestra ciudad<\/strong>. El gremio fundado el 17 de mayo de 1903 contin\u00faa trabajando en la mejora constante y la suma de servicios de calidad para los trabajadores y trabajadoras mercantiles.<\/p>\n<p>&nbsp;<\/p>\n<p>Sin dudas los \u00faltimos tiempos estuvieron<strong> marcados por la pandemia del Coronavirus<\/strong> y c\u00f3mo trabajar para sostener los servicios para los mercantiles y reconocerles su condici\u00f3n de \u201cesenciales\u201d cuidando su salud y la de sus familias.<\/p>\n<p>&nbsp;<\/p>\n<p>Uno de los cambios m\u00e1s importantes de este aniversario es la <strong>modificaci\u00f3n aprobada por asamblea del hist\u00f3rico estatuto sindical del CECO<\/strong>, que tiene como objetivo conformar <strong>un gremio m\u00e1s moderno, inclusivo, con la mirada puesta en mejorar los servicios<\/strong> que actualmente brinda a los afiliados y afiliadas, pero tambi\u00e9n teniendo en cuenta los avances tecnol\u00f3gicos, el e-commerce y las nuevas plataformas.<\/p>\n<p>&nbsp;<\/p>\n<p><img data-recalc-dims=\"1\" loading=\"lazy\" decoding=\"async\" class=\"size-full wp-image-33612 aligncenter\" src=\"https:\/\/i0.wp.com\/cdnoticias.com\/wp-content\/uploads\/2021\/09\/ceco-empleados-de-comercio00.jpg?resize=800%2C446&#038;ssl=1\" alt=\"\" width=\"800\" height=\"446\" srcset=\"https:\/\/i0.wp.com\/cdnoticias.com\/wp-content\/uploads\/2021\/09\/ceco-empleados-de-comercio00.jpg?w=808&amp;ssl=1 808w, https:\/\/i0.wp.com\/cdnoticias.com\/wp-content\/uploads\/2021\/09\/ceco-empleados-de-comercio00.jpg?resize=300%2C167&amp;ssl=1 300w, https:\/\/i0.wp.com\/cdnoticias.com\/wp-content\/uploads\/2021\/09\/ceco-empleados-de-comercio00.jpg?resize=768%2C428&amp;ssl=1 768w, https:\/\/i0.wp.com\/cdnoticias.com\/wp-content\/uploads\/2021\/09\/ceco-empleados-de-comercio00.jpg?resize=800%2C445&amp;ssl=1 800w\" sizes=\"auto, (max-width: 800px) 100vw, 800px\" \/><\/p>\n<p>&nbsp;<\/p>\n<blockquote><p>Miguel Santell\u00e1n secretario general del gremio se manifest\u00f3 respecto a estas modificaciones en el estatuto: \u201cNosotros hac\u00eda tiempo que ten\u00edamos la necesidad de reformar los estatutos para permitir mayor participaci\u00f3n y mayor inclusi\u00f3n para los trabajadores y trabajadoras. Tener mayor acci\u00f3n para defender a nuestros trabajadores y trabajadoras y poder llevar adelante todas las tareas\u201d.<\/p><\/blockquote>\n<p>&nbsp;<\/p>\n<p>\u201cLa participaci\u00f3n, la solidaridad y el compromiso con el trabajo es lo que nosotros tratamos de plasmar en el Estatuto y tambi\u00e9n en la conciencia de cada empleado y empleada de comercio. <strong>Esta reforma de estatutos es una reforma para la participaci\u00f3n, es una reforma para mayores derechos y para que todos sepamos que tenemos que luchar y estar comprometidos con nuestros representados<\/strong>. No vamos a permitir que se nos quite ning\u00fan derecho. Queremos otorgar mejor bienestar para todos y todas, y eso solo lo vamos a lograr con cambios, con inclusi\u00f3n, con crecimiento y fundamentalmente con unidad\u201d cerr\u00f3 el dirigente.<\/p>\n<p>&nbsp;<\/p>\n<p><strong>Actividades programadas para el aniversario<\/strong><\/p>\n<p>&nbsp;<\/p>\n<p><em>AFILIADOS CON 25 A\u00d1OS<\/em>. Con el objetivo de destacar la labor desarrollada por los empleados y empleadas de comercio con m\u00e1s de 25 a\u00f1os afiliaci\u00f3n este martes a las 13 horas se llev\u00f3 a cabo un acto donde se le brindar\u00e1 un reconocimiento a los hombres y mujeres que est\u00e1n afiliados con anterioridad al a\u00f1o 1997.<\/p>\n<p>&nbsp;<\/p>\n<p>En el segundo piso del CECO se reunir\u00e1n los agasajados junto a la comisi\u00f3n directiva mercantil para hacerles entrega de un presente en reconocimiento por acompa\u00f1ar solidariamente la trayectoria del sindicato en los \u00faltimos 25 a\u00f1os.<\/p>\n<p>&nbsp;<\/p>\n<p><img data-recalc-dims=\"1\" loading=\"lazy\" decoding=\"async\" class=\"size-large wp-image-54890 aligncenter\" src=\"https:\/\/i0.wp.com\/cdnoticias.com\/wp-content\/uploads\/2022\/05\/CECO-muestra-maravillosa-furia.jpeg?resize=800%2C488&#038;ssl=1\" alt=\"\" width=\"800\" height=\"488\" srcset=\"https:\/\/i0.wp.com\/cdnoticias.com\/wp-content\/uploads\/2022\/05\/CECO-muestra-maravillosa-furia.jpeg?resize=1024%2C624&amp;ssl=1 1024w, https:\/\/i0.wp.com\/cdnoticias.com\/wp-content\/uploads\/2022\/05\/CECO-muestra-maravillosa-furia.jpeg?resize=300%2C183&amp;ssl=1 300w, https:\/\/i0.wp.com\/cdnoticias.com\/wp-content\/uploads\/2022\/05\/CECO-muestra-maravillosa-furia.jpeg?resize=768%2C468&amp;ssl=1 768w, https:\/\/i0.wp.com\/cdnoticias.com\/wp-content\/uploads\/2022\/05\/CECO-muestra-maravillosa-furia.jpeg?w=1280&amp;ssl=1 1280w\" sizes=\"auto, (max-width: 800px) 100vw, 800px\" \/><\/p>\n<p>&nbsp;<\/p>\n<p><em>CIERRE MUESTRA<\/em>. Con la presencia de la artista pl\u00e1stica Mar\u00eda de los \u00c1ngeles Crovetto, inspirada en la figura de Evita, cierra la muestra \u201cMaravillosa Furia\u201d que se exhibe en el Centro Empleados de Comercio de Olavarr\u00eda con entrada libre y gratuita, en el marco del aniversario del gremio mercantil.<\/p>\n<p>&nbsp;<\/p>\n<p>La exposici\u00f3n de Crovetto en el sindicato de los empleados y empleadas de comercio de Olavarr\u00eda podr\u00e1 visitarse hasta este martes a las 18 horas en el segundo piso de la sede del CECO ubicada en Coronel Su\u00e1rez 2752.<\/p>\n","protected":false},"excerpt":{"rendered":"<p>El Centro Empleados de Comercio celebra este martes 119 a\u00f1os. Sostuvo sus servicios durante la pandemia y acompa\u00f1\u00f3 a los<\/p>\n","protected":false},"author":4,"featured_media":54891,"comment_status":"closed","ping_status":"closed","sticky":false,"template":"","format":"standard","meta":{"_jetpack_memberships_contains_paid_content":false,"footnotes":""},"categories":[5,1],"tags":[],"class_list":["post-54889","post","type-post","status-publish","format-standard","has-post-thumbnail","hentry","category-informacion-general","category-portada"],"jetpack_featured_media_url":"https:\/\/i0.wp.com\/cdnoticias.com\/wp-content\/uploads\/2022\/05\/Santellan-CECO.png?fit=1139%2C575&ssl=1","jetpack_sharing_enabled":true,"_links":{"self":[{"href":"https:\/\/cdnoticias.com\/index.php\/wp-json\/wp\/v2\/posts\/54889","targetHints":{"allow":["GET"]}}],"collection":[{"href":"https:\/\/cdnoticias.com\/index.php\/wp-json\/wp\/v2\/posts"}],"about":[{"href":"https:\/\/cdnoticias.com\/index.php\/wp-json\/wp\/v2\/types\/post"}],"author":[{"embeddable":true,"href":"https:\/\/cdnoticias.com\/index.php\/wp-json\/wp\/v2\/users\/4"}],"replies":[{"embeddable":true,"href":"https:\/\/cdnoticias.com\/index.php\/wp-json\/wp\/v2\/comments?post=54889"}],"version-history":[{"count":0,"href":"https:\/\/cdnoticias.com\/index.php\/wp-json\/wp\/v2\/posts\/54889\/revisions"}],"wp:featuredmedia":[{"embeddable":true,"href":"https:\/\/cdnoticias.com\/index.php\/wp-json\/wp\/v2\/media\/54891"}],"wp:attachment":[{"href":"https:\/\/cdnoticias.com\/index.php\/wp-json\/wp\/v2\/media?parent=54889"}],"wp:term":[{"taxonomy":"category","embeddable":true,"href":"https:\/\/cdnoticias.com\/index.php\/wp-json\/wp\/v2\/categories?post=54889"},{"taxonomy":"post_tag","embeddable":true,"href":"https:\/\/cdnoticias.com\/index.php\/wp-json\/wp\/v2\/tags?post=54889"}],"curies":[{"name":"wp","href":"https:\/\/api.w.org\/{rel}","templated":true}]}}