{"id":5488,"date":"2020-11-03T08:35:58","date_gmt":"2020-11-03T11:35:58","guid":{"rendered":"http:\/\/www.centraldenoticias.com.ar\/?p=5488"},"modified":"2020-11-03T11:11:53","modified_gmt":"2020-11-03T14:11:53","slug":"galli-se-reunio-con-el-jefe-de-gobierno-porteno-horacio-rodriguez-larreta","status":"publish","type":"post","link":"https:\/\/cdnoticias.com\/index.php\/2020\/11\/03\/galli-se-reunio-con-el-jefe-de-gobierno-porteno-horacio-rodriguez-larreta\/","title":{"rendered":"Galli se reuni\u00f3 con el Jefe de Gobierno porte\u00f1o Horacio Rodr\u00edguez Larreta"},"content":{"rendered":"<p>El intendente de nuestra ciudad mantuvo un encuentro en el cual \u201cacordamos seguir trabajando juntos\u201d para \u201cdevolverle la esperanza a los argentinos\u201d.<!--more--><\/p>\n<hr \/>\n<p>En la jornada del lunes por la tarde, <strong>el Intendente Municipal Ezequiel Galli mantuvo un encuentro con el Jefe de Gobierno porte\u00f1o y referente pol\u00edtico de Juntos por el Cambio, Horacio Rodr\u00edguez Larreta.<\/strong><\/p>\n<p>&nbsp;<\/p>\n<blockquote><p>La noticia, que se dio a conocer por la red social Twitter, dio cuenta de un di\u00e1logo acerca de las \u201cexperiencias de gesti\u00f3n en pandemia\u201d adem\u00e1s de charlar sobre el escenario pol\u00edtico actual en Argentina.<\/p><\/blockquote>\n<p>&nbsp;<\/p>\n<p><em>\u201cAcordamos seguir trabajando juntos para devolverle la esperanza a los argentinos\u201d<\/em> dijo el jefe comunal en un claro mensaje pol\u00edtico de cara a lo que viene.<\/p>\n<p>&nbsp;<\/p>\n<blockquote class=\"twitter-tweet\">\n<p dir=\"ltr\" lang=\"es\">Mantuve una excelente reuni\u00f3n con <a href=\"https:\/\/twitter.com\/horaciorlarreta?ref_src=twsrc%5Etfw\">@horaciorlarreta<\/a>. Compartimos experiencias de gesti\u00f3n en pandemia y acordamos seguir trabajando juntos para devolverle la esperanza a los argentinos. <a href=\"https:\/\/t.co\/jW2e64g8r1\">pic.twitter.com\/jW2e64g8r1<\/a><\/p>\n<p>\u2014 Ezequiel Galli (@ezequielgalli) <a href=\"https:\/\/twitter.com\/ezequielgalli\/status\/1323385597302550528?ref_src=twsrc%5Etfw\">November 2, 2020<\/a><\/p><\/blockquote>\n<p><script async src=\"https:\/\/platform.twitter.com\/widgets.js\" charset=\"utf-8\"><\/script><\/p>\n<p>&nbsp;<\/p>\n<p>Este encuentro se enmarc\u00f3 en una <strong>serie de reuniones que Larreta mantiene con los intendentes de la Provincia, entre ellos Galli.<\/strong> Justamente, en un contexto donde el jefe de gobierno porte\u00f1o es la referencia opositora m\u00e1s importante de la actualidad.<\/p>\n","protected":false},"excerpt":{"rendered":"<p>El intendente de nuestra ciudad mantuvo un encuentro en el cual \u201cacordamos seguir trabajando juntos\u201d para \u201cdevolverle la esperanza a<\/p>\n","protected":false},"author":2,"featured_media":5491,"comment_status":"closed","ping_status":"closed","sticky":false,"template":"","format":"standard","meta":{"_jetpack_memberships_contains_paid_content":false,"footnotes":""},"categories":[4,1],"tags":[],"class_list":["post-5488","post","type-post","status-publish","format-standard","has-post-thumbnail","hentry","category-politica","category-portada"],"jetpack_featured_media_url":"https:\/\/i0.wp.com\/cdnoticias.com\/wp-content\/uploads\/2020\/11\/galli-larreta.jpg?fit=671%2C408&ssl=1","jetpack_sharing_enabled":true,"_links":{"self":[{"href":"https:\/\/cdnoticias.com\/index.php\/wp-json\/wp\/v2\/posts\/5488","targetHints":{"allow":["GET"]}}],"collection":[{"href":"https:\/\/cdnoticias.com\/index.php\/wp-json\/wp\/v2\/posts"}],"about":[{"href":"https:\/\/cdnoticias.com\/index.php\/wp-json\/wp\/v2\/types\/post"}],"author":[{"embeddable":true,"href":"https:\/\/cdnoticias.com\/index.php\/wp-json\/wp\/v2\/users\/2"}],"replies":[{"embeddable":true,"href":"https:\/\/cdnoticias.com\/index.php\/wp-json\/wp\/v2\/comments?post=5488"}],"version-history":[{"count":0,"href":"https:\/\/cdnoticias.com\/index.php\/wp-json\/wp\/v2\/posts\/5488\/revisions"}],"wp:featuredmedia":[{"embeddable":true,"href":"https:\/\/cdnoticias.com\/index.php\/wp-json\/wp\/v2\/media\/5491"}],"wp:attachment":[{"href":"https:\/\/cdnoticias.com\/index.php\/wp-json\/wp\/v2\/media?parent=5488"}],"wp:term":[{"taxonomy":"category","embeddable":true,"href":"https:\/\/cdnoticias.com\/index.php\/wp-json\/wp\/v2\/categories?post=5488"},{"taxonomy":"post_tag","embeddable":true,"href":"https:\/\/cdnoticias.com\/index.php\/wp-json\/wp\/v2\/tags?post=5488"}],"curies":[{"name":"wp","href":"https:\/\/api.w.org\/{rel}","templated":true}]}}