{"id":54879,"date":"2022-05-17T13:42:41","date_gmt":"2022-05-17T16:42:41","guid":{"rendered":"https:\/\/www.centraldenoticias.com.ar\/?p=54879"},"modified":"2022-05-17T17:08:24","modified_gmt":"2022-05-17T20:08:24","slug":"protesta-del-mte-frente-al-municipio-queremos-trabajar-dignamente-en-la-calle","status":"publish","type":"post","link":"https:\/\/cdnoticias.com\/index.php\/2022\/05\/17\/protesta-del-mte-frente-al-municipio-queremos-trabajar-dignamente-en-la-calle\/","title":{"rendered":"Protesta del MTE frente al Municipio: \u201cQueremos trabajar dignamente en la calle\u201d"},"content":{"rendered":"<p>Lo asegur\u00f3 un integrante de la cooperativa de cartoneros. Las cr\u00edticas al programa GIRO y a la falta de respuestas por parte del Intendente. Los reclamos y la necesidad de alcanzar un salario digno.<!--more--><\/p>\n<hr \/>\n<p>N\u00e9stor Daniel Quiroga tiene 62 a\u00f1os. <strong>\u201cSoy desocupado y cartonero, pero con mucha alegr\u00eda\u201d<\/strong>, indic\u00f3 en el marco de la protesta que lleva adelante el Movimiento de Trabajadores Excluidos (MTE)\u00a0 este martes frente al Palacio San Mart\u00edn.<\/p>\n<p>&nbsp;<\/p>\n<p>Los referentes de la agrupaci\u00f3n aseguraron que<strong> \u201cnos vamos a quedar hasta que alguien nos atienda\u201d<\/strong> y se\u00f1alaron que el 17 de enero le presentaron al Municipio una serie de reclamos que no obtuvieron respuesta.<\/p>\n<p>&nbsp;<\/p>\n<p>Quiroga forma parte de la cooperativa de cartoneros y cartoneras de la econom\u00eda popular. \u201cYo trabajo hace 15 a\u00f1os y con la cooperativa estoy desde que la formamos hace 4 a\u00f1os\u201d cont\u00f3 y agreg\u00f3: \u201cestamos protestando porque quieren hacer GIRO y para nosotros eso no existe. <strong>Ah\u00ed van a trabajar 10 familias y nosotros somos 300 que quedamos en la calle sin la materia prima.<\/strong> Nos est\u00e1n sacando la mercader\u00eda de nuestras calles\u201d.<\/p>\n<p>&nbsp;<\/p>\n<p><img data-recalc-dims=\"1\" loading=\"lazy\" decoding=\"async\" class=\"aligncenter size-full wp-image-54884\" src=\"https:\/\/i0.wp.com\/cdnoticias.com\/wp-content\/uploads\/2022\/05\/MTE-protesta02.jpeg?resize=800%2C600&#038;ssl=1\" alt=\"\" width=\"800\" height=\"600\" srcset=\"https:\/\/i0.wp.com\/cdnoticias.com\/wp-content\/uploads\/2022\/05\/MTE-protesta02.jpeg?w=1600&amp;ssl=1 1600w, https:\/\/i0.wp.com\/cdnoticias.com\/wp-content\/uploads\/2022\/05\/MTE-protesta02.jpeg?resize=300%2C225&amp;ssl=1 300w, https:\/\/i0.wp.com\/cdnoticias.com\/wp-content\/uploads\/2022\/05\/MTE-protesta02.jpeg?resize=1024%2C768&amp;ssl=1 1024w, https:\/\/i0.wp.com\/cdnoticias.com\/wp-content\/uploads\/2022\/05\/MTE-protesta02.jpeg?resize=768%2C576&amp;ssl=1 768w, https:\/\/i0.wp.com\/cdnoticias.com\/wp-content\/uploads\/2022\/05\/MTE-protesta02.jpeg?resize=1536%2C1152&amp;ssl=1 1536w\" sizes=\"auto, (max-width: 800px) 100vw, 800px\" \/><\/p>\n<p>&nbsp;<\/p>\n<p><img data-recalc-dims=\"1\" loading=\"lazy\" decoding=\"async\" class=\"aligncenter size-full wp-image-54887\" src=\"https:\/\/i0.wp.com\/cdnoticias.com\/wp-content\/uploads\/2022\/05\/MTE-protesta05.jpeg?resize=800%2C600&#038;ssl=1\" alt=\"\" width=\"800\" height=\"600\" srcset=\"https:\/\/i0.wp.com\/cdnoticias.com\/wp-content\/uploads\/2022\/05\/MTE-protesta05.jpeg?w=1600&amp;ssl=1 1600w, https:\/\/i0.wp.com\/cdnoticias.com\/wp-content\/uploads\/2022\/05\/MTE-protesta05.jpeg?resize=300%2C225&amp;ssl=1 300w, https:\/\/i0.wp.com\/cdnoticias.com\/wp-content\/uploads\/2022\/05\/MTE-protesta05.jpeg?resize=1024%2C768&amp;ssl=1 1024w, https:\/\/i0.wp.com\/cdnoticias.com\/wp-content\/uploads\/2022\/05\/MTE-protesta05.jpeg?resize=768%2C576&amp;ssl=1 768w, https:\/\/i0.wp.com\/cdnoticias.com\/wp-content\/uploads\/2022\/05\/MTE-protesta05.jpeg?resize=1536%2C1152&amp;ssl=1 1536w\" sizes=\"auto, (max-width: 800px) 100vw, 800px\" \/><\/p>\n<p>&nbsp;<\/p>\n<p>Se\u00f1al\u00f3 que desde que se encuentran organizados en la cooperativa \u201chemos juntado a todos los cartoneros y trabajamos en equipo. <strong>Queremos trabajar dignamente en la calle y tener los precios del cart\u00f3n y de los materiales<\/strong> como corresponde\u201d.<\/p>\n<p>&nbsp;<\/p>\n<blockquote><p>En ese sentido, denunci\u00f3 que \u201cnos hemos enterado que la Municipalidad vendi\u00f3 el cart\u00f3n a 15 pesos y el cart\u00f3n vale 38. Esa plata \u00bfqui\u00e9n se la llev\u00f3? Se la llev\u00f3 la Municipalidad\u201d.<\/p><\/blockquote>\n<p>&nbsp;<\/p>\n<p>Consultado sobre la capacidad de trabajo con la que cuentan, relat\u00f3 que \u201c<strong>hacemos 15 mil toneladas por semana, un cami\u00f3n entero<\/strong>. Con eso juntamos el dinero para que todos los compa\u00f1eros tengan un salario. Es bajo, es bajo. Nosotros pretendemos como cualquier trabajador del pa\u00eds, 100 mil pesos por mes, pero todav\u00eda a eso no podemos llegar. <strong>Con la ayuda social del Gobierno, estamos en 30 mil pesos<\/strong>\u201d.<\/p>\n<p>&nbsp;<\/p>\n<p><img data-recalc-dims=\"1\" loading=\"lazy\" decoding=\"async\" class=\"aligncenter size-full wp-image-54883\" src=\"https:\/\/i0.wp.com\/cdnoticias.com\/wp-content\/uploads\/2022\/05\/MTE-protesta0u.jpeg?resize=800%2C600&#038;ssl=1\" alt=\"\" width=\"800\" height=\"600\" srcset=\"https:\/\/i0.wp.com\/cdnoticias.com\/wp-content\/uploads\/2022\/05\/MTE-protesta0u.jpeg?w=1600&amp;ssl=1 1600w, https:\/\/i0.wp.com\/cdnoticias.com\/wp-content\/uploads\/2022\/05\/MTE-protesta0u.jpeg?resize=300%2C225&amp;ssl=1 300w, https:\/\/i0.wp.com\/cdnoticias.com\/wp-content\/uploads\/2022\/05\/MTE-protesta0u.jpeg?resize=1024%2C768&amp;ssl=1 1024w, https:\/\/i0.wp.com\/cdnoticias.com\/wp-content\/uploads\/2022\/05\/MTE-protesta0u.jpeg?resize=768%2C576&amp;ssl=1 768w, https:\/\/i0.wp.com\/cdnoticias.com\/wp-content\/uploads\/2022\/05\/MTE-protesta0u.jpeg?resize=1536%2C1152&amp;ssl=1 1536w\" sizes=\"auto, (max-width: 800px) 100vw, 800px\" \/><\/p>\n<p>&nbsp;<\/p>\n<p>\u201c<strong>Del Intendente no esperamos nada, porque nunca nos atendi\u00f3.<\/strong> \u00c9l puso esa traba de Giro para sacarnos a nosotros de la calle. \u00c9l quiere hacer una ciudad como Holanda, como Francia pero estamos en el tercer mundo y una ciudad que se llamaba &#8216;la ciudad del trabajo&#8217; hoy es la ciudad de la desocupaci\u00f3n. A nosotros nos quiere llevar al terreno de la desocupaci\u00f3n y no lo vamos a permitir\u201d, continu\u00f3 Quiroga.<\/p>\n<p>&nbsp;<\/p>\n<p>Las palabras volvieron a endurecerse al describir el comportamiento del jefe comunal. <strong>\u201cSolo piensa en los ricos\u201d,<\/strong> asegur\u00f3. \u201cCuando Macri lo llama o Larreta lo llama o las grandes empresas lo llaman, \u00e9l corre para todos lados. Pero cuando lo llaman los pobres y los humildes \u00e9l nunca est\u00e1. Esa es la rabia y la bronca que tenemos, que el Intendente nunca nos quiso atender\u201d.<\/p>\n<p>&nbsp;<\/p>\n<p>Resalt\u00f3 que <strong>con el Municipio solo tuvieron contacto \u201cal principio\u201d<\/strong> pero que \u201cquieren hacer con nosotros como hacen con Giro y nosotros eso no lo aceptamos. <strong>Nosotros somos trabajadores libres y organizados<\/strong>\u201d.<\/p>\n<p>&nbsp;<\/p>\n<p><img data-recalc-dims=\"1\" loading=\"lazy\" decoding=\"async\" class=\"aligncenter size-full wp-image-54885\" src=\"https:\/\/i0.wp.com\/cdnoticias.com\/wp-content\/uploads\/2022\/05\/MTE-protesta03.jpeg?resize=800%2C600&#038;ssl=1\" alt=\"\" width=\"800\" height=\"600\" srcset=\"https:\/\/i0.wp.com\/cdnoticias.com\/wp-content\/uploads\/2022\/05\/MTE-protesta03.jpeg?w=1600&amp;ssl=1 1600w, https:\/\/i0.wp.com\/cdnoticias.com\/wp-content\/uploads\/2022\/05\/MTE-protesta03.jpeg?resize=300%2C225&amp;ssl=1 300w, https:\/\/i0.wp.com\/cdnoticias.com\/wp-content\/uploads\/2022\/05\/MTE-protesta03.jpeg?resize=1024%2C768&amp;ssl=1 1024w, https:\/\/i0.wp.com\/cdnoticias.com\/wp-content\/uploads\/2022\/05\/MTE-protesta03.jpeg?resize=768%2C576&amp;ssl=1 768w, https:\/\/i0.wp.com\/cdnoticias.com\/wp-content\/uploads\/2022\/05\/MTE-protesta03.jpeg?resize=1536%2C1152&amp;ssl=1 1536w\" sizes=\"auto, (max-width: 800px) 100vw, 800px\" \/><\/p>\n<p>&nbsp;<\/p>\n<p>\u201cQue no nos venga a ense\u00f1ar c\u00f3mo hay que hacer las cosas. <strong>Sabemos muy bien c\u00f3mo juntar y c\u00f3mo reciclar.<\/strong> Creo que los comerciantes, los vecinos nos tienen que ayudar a nosotros, somos los m\u00e1s pobres y los m\u00e1s humildes. Tenemos gente que est\u00e1 alquilando, que no tiene casa, gente que est\u00e1 enferma, que no tiene para mandar los chicos a la escuela\u201d, afirm\u00f3.<\/p>\n<p>&nbsp;<\/p>\n<p>Por \u00faltimo, advirti\u00f3 que \u201ctodo el pueblo tiene que saber que los pobres est\u00e1n. Y se van a levantar m\u00e1s pobres porque esto no se puede sostener. Estamos movilizados por una vida mejor para nosotros, para ustedes y para toda la comunidad\u201d.<\/p>\n","protected":false},"excerpt":{"rendered":"<p>Lo asegur\u00f3 un integrante de la cooperativa de cartoneros. Las cr\u00edticas al programa GIRO y a la falta de respuestas<\/p>\n","protected":false},"author":5,"featured_media":54886,"comment_status":"closed","ping_status":"closed","sticky":false,"template":"","format":"standard","meta":{"_jetpack_memberships_contains_paid_content":false,"footnotes":""},"categories":[5,1],"tags":[],"class_list":["post-54879","post","type-post","status-publish","format-standard","has-post-thumbnail","hentry","category-informacion-general","category-portada"],"jetpack_featured_media_url":"https:\/\/i0.wp.com\/cdnoticias.com\/wp-content\/uploads\/2022\/05\/MTE-protesta01.jpeg?fit=1599%2C1066&ssl=1","jetpack_sharing_enabled":true,"_links":{"self":[{"href":"https:\/\/cdnoticias.com\/index.php\/wp-json\/wp\/v2\/posts\/54879","targetHints":{"allow":["GET"]}}],"collection":[{"href":"https:\/\/cdnoticias.com\/index.php\/wp-json\/wp\/v2\/posts"}],"about":[{"href":"https:\/\/cdnoticias.com\/index.php\/wp-json\/wp\/v2\/types\/post"}],"author":[{"embeddable":true,"href":"https:\/\/cdnoticias.com\/index.php\/wp-json\/wp\/v2\/users\/5"}],"replies":[{"embeddable":true,"href":"https:\/\/cdnoticias.com\/index.php\/wp-json\/wp\/v2\/comments?post=54879"}],"version-history":[{"count":0,"href":"https:\/\/cdnoticias.com\/index.php\/wp-json\/wp\/v2\/posts\/54879\/revisions"}],"wp:featuredmedia":[{"embeddable":true,"href":"https:\/\/cdnoticias.com\/index.php\/wp-json\/wp\/v2\/media\/54886"}],"wp:attachment":[{"href":"https:\/\/cdnoticias.com\/index.php\/wp-json\/wp\/v2\/media?parent=54879"}],"wp:term":[{"taxonomy":"category","embeddable":true,"href":"https:\/\/cdnoticias.com\/index.php\/wp-json\/wp\/v2\/categories?post=54879"},{"taxonomy":"post_tag","embeddable":true,"href":"https:\/\/cdnoticias.com\/index.php\/wp-json\/wp\/v2\/tags?post=54879"}],"curies":[{"name":"wp","href":"https:\/\/api.w.org\/{rel}","templated":true}]}}