{"id":5486,"date":"2020-11-03T08:24:34","date_gmt":"2020-11-03T11:24:34","guid":{"rendered":"http:\/\/www.centraldenoticias.com.ar\/?p=5486"},"modified":"2020-11-03T08:24:34","modified_gmt":"2020-11-03T11:24:34","slug":"eduardo-juan-franco-q-e-p-d","status":"publish","type":"post","link":"https:\/\/cdnoticias.com\/index.php\/2020\/11\/03\/eduardo-juan-franco-q-e-p-d\/","title":{"rendered":"Eduardo Juan Franco (Q.E.P.D.)"},"content":{"rendered":"<p>Falleci\u00f3 en Olavarr\u00eda el d\u00eda 2 de noviembre de 2020 a los 77 a\u00f1os de edad. Sus sobrinos: Mat\u00edas, Ercilia, Luisa y Emilia Castro; su hermano pol\u00edtico Manuel Castro; sus sobrinos nietos; sus primos y dem\u00e1s deudos participan su fallecimiento.<\/p>\n<p>No se realiza velatorio, ni responso. Inhumaci\u00f3n: Crematorio Pinos de Paz en d\u00eda a confirmar. Servicio adherido a Coopelectric.<\/p>\n<p>Vecino del Microcentro. Nacido en Olavarr\u00eda. Jubilado bancario.<\/p>\n","protected":false},"excerpt":{"rendered":"<p>Falleci\u00f3 en Olavarr\u00eda el d\u00eda 2 de noviembre de 2020 a los 77 a\u00f1os de edad. Sus sobrinos: Mat\u00edas, Ercilia,<\/p>\n","protected":false},"author":4,"featured_media":0,"comment_status":"closed","ping_status":"closed","sticky":false,"template":"","format":"standard","meta":{"_jetpack_memberships_contains_paid_content":false,"footnotes":""},"categories":[10],"tags":[],"class_list":["post-5486","post","type-post","status-publish","format-standard","hentry","category-necrologicas"],"jetpack_featured_media_url":"","jetpack_sharing_enabled":true,"_links":{"self":[{"href":"https:\/\/cdnoticias.com\/index.php\/wp-json\/wp\/v2\/posts\/5486","targetHints":{"allow":["GET"]}}],"collection":[{"href":"https:\/\/cdnoticias.com\/index.php\/wp-json\/wp\/v2\/posts"}],"about":[{"href":"https:\/\/cdnoticias.com\/index.php\/wp-json\/wp\/v2\/types\/post"}],"author":[{"embeddable":true,"href":"https:\/\/cdnoticias.com\/index.php\/wp-json\/wp\/v2\/users\/4"}],"replies":[{"embeddable":true,"href":"https:\/\/cdnoticias.com\/index.php\/wp-json\/wp\/v2\/comments?post=5486"}],"version-history":[{"count":0,"href":"https:\/\/cdnoticias.com\/index.php\/wp-json\/wp\/v2\/posts\/5486\/revisions"}],"wp:attachment":[{"href":"https:\/\/cdnoticias.com\/index.php\/wp-json\/wp\/v2\/media?parent=5486"}],"wp:term":[{"taxonomy":"category","embeddable":true,"href":"https:\/\/cdnoticias.com\/index.php\/wp-json\/wp\/v2\/categories?post=5486"},{"taxonomy":"post_tag","embeddable":true,"href":"https:\/\/cdnoticias.com\/index.php\/wp-json\/wp\/v2\/tags?post=5486"}],"curies":[{"name":"wp","href":"https:\/\/api.w.org\/{rel}","templated":true}]}}