{"id":54848,"date":"2022-05-17T09:23:46","date_gmt":"2022-05-17T12:23:46","guid":{"rendered":"https:\/\/www.centraldenoticias.com.ar\/?p=54848"},"modified":"2022-05-17T12:54:02","modified_gmt":"2022-05-17T15:54:02","slug":"fabricaciones-militares-estiman-que-comenzara-a-producir-en-octubre-de-este-ano","status":"publish","type":"post","link":"https:\/\/cdnoticias.com\/index.php\/2022\/05\/17\/fabricaciones-militares-estiman-que-comenzara-a-producir-en-octubre-de-este-ano\/","title":{"rendered":"Fabricaciones Militares: estiman que comenzar\u00e1 a producir en octubre de este a\u00f1o"},"content":{"rendered":"<p>\u201cNecesitamos que esos tiempos se aceleren\u201d, lo asegur\u00f3 la referente de ATE Vanina Zurita. Pidi\u00f3 la urgente reactivaci\u00f3n de la f\u00e1brica y la discusi\u00f3n del convenio colectivo.<!--more--><\/p>\n<hr \/>\n<p><strong>&#8220;Se avanz\u00f3 en la reapertura de FANAZUL, pero a un ritmo que no es el esperado por los trabajadores&#8221;<\/strong>, asegur\u00f3 Vanina Zurita dirigente de ATE Provincia.<\/p>\n<p>&nbsp;<\/p>\n<p>En di\u00e1logo con <strong>Diario El Tiempo de Azul<\/strong>, se refiri\u00f3 al camino transitado en torno a la puesta en marcha de la planta de Fabricaciones Militares y asegur\u00f3 que \u201ccreemos que es fundamental la<strong> urgente reactivaci\u00f3n, la estabilidad de los empleados y la discusi\u00f3n inmediata del convenio colectivo<\/strong>&#8220;.<\/p>\n<p>&nbsp;<\/p>\n<p>En la misma l\u00ednea, Zurita indic\u00f3 que \u201csi bien ya se abri\u00f3 formalmente la etapa de negociaci\u00f3n, necesitamos avanzar con mayor celeridad. Y todo eso tiene que hacerse este a\u00f1o&#8221;.<\/p>\n<p>&nbsp;<\/p>\n<p><img data-recalc-dims=\"1\" loading=\"lazy\" decoding=\"async\" class=\"aligncenter size-full wp-image-54851\" src=\"https:\/\/i0.wp.com\/cdnoticias.com\/wp-content\/uploads\/2022\/05\/zurita-vanina.jpeg?resize=800%2C450&#038;ssl=1\" alt=\"\" width=\"800\" height=\"450\" srcset=\"https:\/\/i0.wp.com\/cdnoticias.com\/wp-content\/uploads\/2022\/05\/zurita-vanina.jpeg?w=948&amp;ssl=1 948w, https:\/\/i0.wp.com\/cdnoticias.com\/wp-content\/uploads\/2022\/05\/zurita-vanina.jpeg?resize=300%2C169&amp;ssl=1 300w, https:\/\/i0.wp.com\/cdnoticias.com\/wp-content\/uploads\/2022\/05\/zurita-vanina.jpeg?resize=768%2C432&amp;ssl=1 768w\" sizes=\"auto, (max-width: 800px) 100vw, 800px\" \/><\/p>\n<p>&nbsp;<\/p>\n<blockquote><p>La referente de ATE sostuvo que &#8220;en teor\u00eda se puso como fecha octubre para empezar a producir en Fanazul, pero necesitamos que esos tiempos se aceleren&#8221;.<\/p><\/blockquote>\n<p>&nbsp;<\/p>\n<p>&#8220;Creemos que es fundamental la urgente reactivaci\u00f3n de la f\u00e1brica, la estabilidad de los trabajadores y la discusi\u00f3n inmediata del convenio colectivo&#8221;, reiter\u00f3.<\/p>\n<p>&nbsp;<\/p>\n<p>Zurita dej\u00f3 en claro que &#8220;esto no es una arremetida contra Fabricaciones Militares, <strong>se trata de poner en discusi\u00f3n las necesidades de los trabajadores<\/strong>&#8220;.<\/p>\n","protected":false},"excerpt":{"rendered":"<p>\u201cNecesitamos que esos tiempos se aceleren\u201d, lo asegur\u00f3 la referente de ATE Vanina Zurita. Pidi\u00f3 la urgente reactivaci\u00f3n de la<\/p>\n","protected":false},"author":5,"featured_media":10573,"comment_status":"closed","ping_status":"closed","sticky":false,"template":"","format":"standard","meta":{"_jetpack_memberships_contains_paid_content":false,"footnotes":""},"categories":[6,1],"tags":[],"class_list":["post-54848","post","type-post","status-publish","format-standard","has-post-thumbnail","hentry","category-nacionales","category-portada"],"jetpack_featured_media_url":"https:\/\/i0.wp.com\/cdnoticias.com\/wp-content\/uploads\/2021\/01\/fanazul.jpg?fit=800%2C447&ssl=1","jetpack_sharing_enabled":true,"_links":{"self":[{"href":"https:\/\/cdnoticias.com\/index.php\/wp-json\/wp\/v2\/posts\/54848","targetHints":{"allow":["GET"]}}],"collection":[{"href":"https:\/\/cdnoticias.com\/index.php\/wp-json\/wp\/v2\/posts"}],"about":[{"href":"https:\/\/cdnoticias.com\/index.php\/wp-json\/wp\/v2\/types\/post"}],"author":[{"embeddable":true,"href":"https:\/\/cdnoticias.com\/index.php\/wp-json\/wp\/v2\/users\/5"}],"replies":[{"embeddable":true,"href":"https:\/\/cdnoticias.com\/index.php\/wp-json\/wp\/v2\/comments?post=54848"}],"version-history":[{"count":0,"href":"https:\/\/cdnoticias.com\/index.php\/wp-json\/wp\/v2\/posts\/54848\/revisions"}],"wp:featuredmedia":[{"embeddable":true,"href":"https:\/\/cdnoticias.com\/index.php\/wp-json\/wp\/v2\/media\/10573"}],"wp:attachment":[{"href":"https:\/\/cdnoticias.com\/index.php\/wp-json\/wp\/v2\/media?parent=54848"}],"wp:term":[{"taxonomy":"category","embeddable":true,"href":"https:\/\/cdnoticias.com\/index.php\/wp-json\/wp\/v2\/categories?post=54848"},{"taxonomy":"post_tag","embeddable":true,"href":"https:\/\/cdnoticias.com\/index.php\/wp-json\/wp\/v2\/tags?post=54848"}],"curies":[{"name":"wp","href":"https:\/\/api.w.org\/{rel}","templated":true}]}}