{"id":54840,"date":"2022-05-17T08:20:37","date_gmt":"2022-05-17T11:20:37","guid":{"rendered":"https:\/\/www.centraldenoticias.com.ar\/?p=54840"},"modified":"2022-05-17T09:24:08","modified_gmt":"2022-05-17T12:24:08","slug":"covid-nacion-confirma-que-empezamos-la-cuarta-ola-pero-descarta-un-confinamiento","status":"publish","type":"post","link":"https:\/\/cdnoticias.com\/index.php\/2022\/05\/17\/covid-nacion-confirma-que-empezamos-la-cuarta-ola-pero-descarta-un-confinamiento\/","title":{"rendered":"Covid: Naci\u00f3n confirma que \u201cempezamos la cuarta ola\u201d pero descarta un confinamiento"},"content":{"rendered":"<p>La ministra Carla Vizzotti consider\u00f3 que este nuevo rebrote se da en \u201cuna situaci\u00f3n completamente distinta\u201d por el impacto de la vacunaci\u00f3n.<!--more--><\/p>\n<hr \/>\n<p>Luego de que los contagios de coronavirus se cuadruplicaran en menos de un mes, la ministra de Salud Carla Vizzotti confirm\u00f3 que Argentina est\u00e1 entrando en una cuarta ola de la pandemia, aunque afirm\u00f3 que <strong>este nuevo rebrote de casos se da en \u201cuna situaci\u00f3n totalmente distinta\u201d por el impacto de la vacunaci\u00f3n<\/strong> y por eso descart\u00f3 un confinamiento.<\/p>\n<p>&nbsp;<\/p>\n<p>\u201cHoy estamos empezando en la Argentina una cuarta ola de Covid-19 que nos encuentra en una situaci\u00f3n totalmente distinta\u201d, indic\u00f3 Vizzotti al abrir el encuentro del Consejo Federal de Salud (Cofesa) en Villa La Angostura. \u201cGracias a cada medida que se tom\u00f3 y al esfuerzo de la sociedad, de los equipos de salud y de los gobiernos, a niveles nacional, provincial y municipal, <strong>tenemos un panorama en relaci\u00f3n a la vacunaci\u00f3n que nos permite seguir adelante en una nueva etapa de esta pandemia<\/strong>\u201d, agreg\u00f3.<\/p>\n<p>&nbsp;<\/p>\n<p>Las palabras de la ministra se dan un d\u00eda despu\u00e9s de que se reportaran 33.989 nuevos casos de coronavirus en Argentina. Esto represent\u00f3 un <strong>alza semanal del 92% y un salto del 305% en casi un mes.<\/strong> Como contrapartida, la semana pasada se notificaron otras 47 muertes por Covid\u200b, casi un 40% menos que hace 7 d\u00edas.<\/p>\n<p>&nbsp;<\/p>\n<p>Vizzotti atribuy\u00f3, adem\u00e1s, que la vacunaci\u00f3n la posibilidad de \u201cseguir adelante en una nueva etapa de esta pandemia\u201d. Esto estuvo en l\u00ednea con declaraciones que la ministra hab\u00eda hecho el domingo, al rechazar cambios en la apertura de actividades. <strong>\u201cNo hay posibilidad de nuevos cierres\u201d<\/strong>, sostuvo.<\/p>\n<p>&nbsp;<\/p>\n<p>La semana anterior Argentina super\u00f3 las<strong> 100 millones de vacunas anticovid aplicadas.<\/strong> El 40% fueron primeras dosis (40.752.021) y el 37% segundas (37.378.700). De esta forma, <strong>el 88% de la poblaci\u00f3n inici\u00f3 su esquema de inmunizaci\u00f3n y el 80% lo complet\u00f3.<\/strong> Quienes hab\u00edan recibido en primera instancia Sinopharm -unos 3 millones de argentinos- cerraron esta primera etapa con una dosis adicional.<\/p>\n<p>&nbsp;<\/p>\n<p>En cuanto a los <strong>refuerzos<\/strong>, seg\u00fan los datos publicados en el Monitor P\u00fablico de Vacunaci\u00f3n, se suministraron 19.431.877, lo que representa el<strong> 42% de la poblaci\u00f3n argentina.<\/strong><\/p>\n<p>&nbsp;<\/p>\n<p>Fuente: DIB<\/p>\n","protected":false},"excerpt":{"rendered":"<p>La ministra Carla Vizzotti consider\u00f3 que este nuevo rebrote se da en \u201cuna situaci\u00f3n completamente distinta\u201d por el impacto de<\/p>\n","protected":false},"author":5,"featured_media":40535,"comment_status":"closed","ping_status":"closed","sticky":false,"template":"","format":"standard","meta":{"_jetpack_memberships_contains_paid_content":false,"footnotes":""},"categories":[6,1],"tags":[],"class_list":["post-54840","post","type-post","status-publish","format-standard","has-post-thumbnail","hentry","category-nacionales","category-portada"],"jetpack_featured_media_url":"https:\/\/i0.wp.com\/cdnoticias.com\/wp-content\/uploads\/2021\/12\/vizzotti-696x522.jpg?fit=696%2C522&ssl=1","jetpack_sharing_enabled":true,"_links":{"self":[{"href":"https:\/\/cdnoticias.com\/index.php\/wp-json\/wp\/v2\/posts\/54840","targetHints":{"allow":["GET"]}}],"collection":[{"href":"https:\/\/cdnoticias.com\/index.php\/wp-json\/wp\/v2\/posts"}],"about":[{"href":"https:\/\/cdnoticias.com\/index.php\/wp-json\/wp\/v2\/types\/post"}],"author":[{"embeddable":true,"href":"https:\/\/cdnoticias.com\/index.php\/wp-json\/wp\/v2\/users\/5"}],"replies":[{"embeddable":true,"href":"https:\/\/cdnoticias.com\/index.php\/wp-json\/wp\/v2\/comments?post=54840"}],"version-history":[{"count":0,"href":"https:\/\/cdnoticias.com\/index.php\/wp-json\/wp\/v2\/posts\/54840\/revisions"}],"wp:featuredmedia":[{"embeddable":true,"href":"https:\/\/cdnoticias.com\/index.php\/wp-json\/wp\/v2\/media\/40535"}],"wp:attachment":[{"href":"https:\/\/cdnoticias.com\/index.php\/wp-json\/wp\/v2\/media?parent=54840"}],"wp:term":[{"taxonomy":"category","embeddable":true,"href":"https:\/\/cdnoticias.com\/index.php\/wp-json\/wp\/v2\/categories?post=54840"},{"taxonomy":"post_tag","embeddable":true,"href":"https:\/\/cdnoticias.com\/index.php\/wp-json\/wp\/v2\/tags?post=54840"}],"curies":[{"name":"wp","href":"https:\/\/api.w.org\/{rel}","templated":true}]}}