{"id":5484,"date":"2020-11-03T08:18:02","date_gmt":"2020-11-03T11:18:02","guid":{"rendered":"http:\/\/www.centraldenoticias.com.ar\/?p=5484"},"modified":"2020-11-03T08:18:02","modified_gmt":"2020-11-03T11:18:02","slug":"felipe-encinas-nogales-q-e-p-d","status":"publish","type":"post","link":"https:\/\/cdnoticias.com\/index.php\/2020\/11\/03\/felipe-encinas-nogales-q-e-p-d\/","title":{"rendered":"Felipe Encinas Nogales (Q.E.P.D.)"},"content":{"rendered":"<p>Falleci\u00f3 en Olavarr\u00eda a los 77 a\u00f1os de edad. Su esposa Evangelina Castell\u00f3n Rodr\u00edguez; sus hijos: Hilda, Sonia, Jos\u00e9, Walter, Mirta y Eva; sus hijos pol\u00edticos: Walter Estrada, Jos\u00e9 Luis Avalos y Carina Rocha; sus nietos: Nelson, Steven, Jordi, Kevin, Sof\u00eda, Santino; Luis \u00c1ngel, Sandro, David, Eric, Walter, Eliana, Reina, Yago, Mar\u00eda Jos\u00e9, D\u00e9bora, Enzo, Daniela, Ariel, Nahiara, M\u00eda y Martina; sus bisnietos y dem\u00e1s deudos participan su fallecimiento.<\/p>\n<p>&nbsp;<\/p>\n<p>Sus restos ser\u00e1n inhumados en el Cementerio Loma de Paz este martes a las 15.30 horas. Nacido en Bolivia, vecino del barrio Provincias Unidas, jubilado y fundador de la Colectividad Boliviana de Olavarr\u00eda (ARBO).<\/p>\n","protected":false},"excerpt":{"rendered":"<p>Falleci\u00f3 en Olavarr\u00eda a los 77 a\u00f1os de edad. Su esposa Evangelina Castell\u00f3n Rodr\u00edguez; sus hijos: Hilda, Sonia, Jos\u00e9, Walter,<\/p>\n","protected":false},"author":2,"featured_media":0,"comment_status":"closed","ping_status":"closed","sticky":false,"template":"","format":"standard","meta":{"_jetpack_memberships_contains_paid_content":false,"footnotes":""},"categories":[10],"tags":[],"class_list":["post-5484","post","type-post","status-publish","format-standard","hentry","category-necrologicas"],"jetpack_featured_media_url":"","jetpack_sharing_enabled":true,"_links":{"self":[{"href":"https:\/\/cdnoticias.com\/index.php\/wp-json\/wp\/v2\/posts\/5484","targetHints":{"allow":["GET"]}}],"collection":[{"href":"https:\/\/cdnoticias.com\/index.php\/wp-json\/wp\/v2\/posts"}],"about":[{"href":"https:\/\/cdnoticias.com\/index.php\/wp-json\/wp\/v2\/types\/post"}],"author":[{"embeddable":true,"href":"https:\/\/cdnoticias.com\/index.php\/wp-json\/wp\/v2\/users\/2"}],"replies":[{"embeddable":true,"href":"https:\/\/cdnoticias.com\/index.php\/wp-json\/wp\/v2\/comments?post=5484"}],"version-history":[{"count":0,"href":"https:\/\/cdnoticias.com\/index.php\/wp-json\/wp\/v2\/posts\/5484\/revisions"}],"wp:attachment":[{"href":"https:\/\/cdnoticias.com\/index.php\/wp-json\/wp\/v2\/media?parent=5484"}],"wp:term":[{"taxonomy":"category","embeddable":true,"href":"https:\/\/cdnoticias.com\/index.php\/wp-json\/wp\/v2\/categories?post=5484"},{"taxonomy":"post_tag","embeddable":true,"href":"https:\/\/cdnoticias.com\/index.php\/wp-json\/wp\/v2\/tags?post=5484"}],"curies":[{"name":"wp","href":"https:\/\/api.w.org\/{rel}","templated":true}]}}