{"id":54811,"date":"2022-05-16T18:04:10","date_gmt":"2022-05-16T21:04:10","guid":{"rendered":"https:\/\/www.centraldenoticias.com.ar\/?p=54811"},"modified":"2022-05-16T19:12:33","modified_gmt":"2022-05-16T22:12:33","slug":"el-intendente-ezequiel-galli-anuncio-la-pavimentacion-en-la-prolongacion-sur-de-la-calle-rivadavia","status":"publish","type":"post","link":"https:\/\/cdnoticias.com\/index.php\/2022\/05\/16\/el-intendente-ezequiel-galli-anuncio-la-pavimentacion-en-la-prolongacion-sur-de-la-calle-rivadavia\/","title":{"rendered":"El Intendente Ezequiel Galli anunci\u00f3 la pavimentaci\u00f3n en la prolongaci\u00f3n sur de la calle Rivadavia"},"content":{"rendered":"<p>Se licitar\u00e1 el pr\u00f3ximo 3 de junio con un presupuesto oficial de $20.820.000.<!--more--><\/p>\n<hr \/>\n<p>El intendente <strong>Ezequiel Galli<\/strong> se reuni\u00f3 en la tarde de este lunes con<strong> vecinos del barrio La Ara\u00f1a<\/strong> para <strong>anunciar la obra de pavimentaci\u00f3n<\/strong> que se llevar\u00e1 a cabo en el sector.<\/p>\n<p>&nbsp;<\/p>\n<p><strong>Ezequiel Galli<\/strong> estuvo acompa\u00f1ado por el Secretario de Desarrollo Humano y Calidad de Vida <strong>Diego Robbiani,<\/strong> el Secretario de Mantenimiento y Obras P\u00fablicas <strong>Julio Ferraro<\/strong> y el concejal y dirigente barrial <strong>Javier Fr\u00edas.<\/strong><\/p>\n<p>&nbsp;<\/p>\n<p>\u00ab<strong>Los convocamos para contarles personalmente<\/strong> y es algo que quer\u00eda hacer porque<strong> se que es una obra que estaban esperando desde hace mucho tiempo\u00bb<\/strong>, explic\u00f3 el intendente Galli frente a los vecinos.<\/p>\n<p>&nbsp;<\/p>\n<p>&#8220;La <strong>pavimentaci\u00f3n de prolongaci\u00f3n sur de calle Rivadavia<\/strong> beneficiar\u00e1 a familias de los barrios La Ara\u00f1a, Los Robles, Municipales, Plan Novios, Plan Abuelos y zonas aleda\u00f1as&#8221; se indic\u00f3.<\/p>\n<p>&nbsp;<\/p>\n<p><img data-recalc-dims=\"1\" loading=\"lazy\" decoding=\"async\" class=\"aligncenter wp-image-54814 size-large\" src=\"https:\/\/i0.wp.com\/cdnoticias.com\/wp-content\/uploads\/2022\/05\/Obras-Anuncio-Pavimentacion-Calle-Rivadavia-1-scaled-1.jpg?resize=800%2C534&#038;ssl=1\" alt=\"\" width=\"800\" height=\"534\" srcset=\"https:\/\/i0.wp.com\/cdnoticias.com\/wp-content\/uploads\/2022\/05\/Obras-Anuncio-Pavimentacion-Calle-Rivadavia-1-scaled-1.jpg?resize=1024%2C684&amp;ssl=1 1024w, https:\/\/i0.wp.com\/cdnoticias.com\/wp-content\/uploads\/2022\/05\/Obras-Anuncio-Pavimentacion-Calle-Rivadavia-1-scaled-1.jpg?resize=300%2C201&amp;ssl=1 300w, https:\/\/i0.wp.com\/cdnoticias.com\/wp-content\/uploads\/2022\/05\/Obras-Anuncio-Pavimentacion-Calle-Rivadavia-1-scaled-1.jpg?resize=768%2C513&amp;ssl=1 768w, https:\/\/i0.wp.com\/cdnoticias.com\/wp-content\/uploads\/2022\/05\/Obras-Anuncio-Pavimentacion-Calle-Rivadavia-1-scaled-1.jpg?resize=1536%2C1027&amp;ssl=1 1536w, https:\/\/i0.wp.com\/cdnoticias.com\/wp-content\/uploads\/2022\/05\/Obras-Anuncio-Pavimentacion-Calle-Rivadavia-1-scaled-1.jpg?resize=2048%2C1369&amp;ssl=1 2048w, https:\/\/i0.wp.com\/cdnoticias.com\/wp-content\/uploads\/2022\/05\/Obras-Anuncio-Pavimentacion-Calle-Rivadavia-1-scaled-1.jpg?resize=272%2C182&amp;ssl=1 272w, https:\/\/i0.wp.com\/cdnoticias.com\/wp-content\/uploads\/2022\/05\/Obras-Anuncio-Pavimentacion-Calle-Rivadavia-1-scaled-1.jpg?w=1600&amp;ssl=1 1600w, https:\/\/i0.wp.com\/cdnoticias.com\/wp-content\/uploads\/2022\/05\/Obras-Anuncio-Pavimentacion-Calle-Rivadavia-1-scaled-1.jpg?w=2400&amp;ssl=1 2400w\" sizes=\"auto, (max-width: 800px) 100vw, 800px\" \/><\/p>\n<p>&nbsp;<\/p>\n<p>&#8220;En los \u00faltimos a\u00f1os se ha registrado un <strong>importante crecimiento demogr\u00e1fico,<\/strong> por lo cual la pavimentaci\u00f3n permitir\u00e1 mejorar las condiciones de transitabilidad y de accesibilidad tanto del transporte p\u00fablico, como de las unidades asistenciales de emergencias&#8221; se agreg\u00f3.<\/p>\n<p>&nbsp;<\/p>\n<p>Desde Obras P\u00fablicas se indic\u00f3 que se realizar\u00e1 un pavimento con hormig\u00f3n simple, tipo H30 de 0,18 metros de espesor, que estar\u00e1 asentado sobre una base de tosca compactada de 0,20 metros de espesor. Se construir\u00e1n banquinas de tosca compactada de 3,00 metros de ancho en un espesor de 0,20 metros. El ancho del pavimento en la calle Rivadavia ser\u00e1 de 7,30 metros de ancho.<\/p>\n<p>&nbsp;<\/p>\n<p>En la oportunidad, durante el encuentro con vecinos se brindaron mayores precisiones sobre la obra de pavimentaci\u00f3n, que <strong>se licitar\u00e1 el d\u00eda 3 de junio,<\/strong> a las 12:00 en el Palacio San Mart\u00edn, con un<strong> presupuesto oficial fijado en la suma de $20.820.000.<\/strong><\/p>\n<p>&nbsp;<\/p>\n<p>Esta obra fue incluida en el <strong>Presupuesto 2022<\/strong> y ser\u00e1 ejecutada con recursos provenientes del <strong>Fondo de Infraestructura Municipal,<\/strong> que fuera establecido durante la gesti\u00f3n de la gobernadora <strong>Mar\u00eda Eugenia Vidal.<\/strong><\/p>\n","protected":false},"excerpt":{"rendered":"<p>Se licitar\u00e1 el pr\u00f3ximo 3 de junio con un presupuesto oficial de $20.820.000.<\/p>\n","protected":false},"author":6,"featured_media":54812,"comment_status":"closed","ping_status":"closed","sticky":false,"template":"","format":"standard","meta":{"_jetpack_memberships_contains_paid_content":false,"footnotes":""},"categories":[5,1],"tags":[],"class_list":["post-54811","post","type-post","status-publish","format-standard","has-post-thumbnail","hentry","category-informacion-general","category-portada"],"jetpack_featured_media_url":"https:\/\/i0.wp.com\/cdnoticias.com\/wp-content\/uploads\/2022\/05\/Obras-Anuncio-Pavimentacion-Calle-Rivadavia-2-scaled-1.jpg?fit=2560%2C1711&ssl=1","jetpack_sharing_enabled":true,"_links":{"self":[{"href":"https:\/\/cdnoticias.com\/index.php\/wp-json\/wp\/v2\/posts\/54811","targetHints":{"allow":["GET"]}}],"collection":[{"href":"https:\/\/cdnoticias.com\/index.php\/wp-json\/wp\/v2\/posts"}],"about":[{"href":"https:\/\/cdnoticias.com\/index.php\/wp-json\/wp\/v2\/types\/post"}],"author":[{"embeddable":true,"href":"https:\/\/cdnoticias.com\/index.php\/wp-json\/wp\/v2\/users\/6"}],"replies":[{"embeddable":true,"href":"https:\/\/cdnoticias.com\/index.php\/wp-json\/wp\/v2\/comments?post=54811"}],"version-history":[{"count":0,"href":"https:\/\/cdnoticias.com\/index.php\/wp-json\/wp\/v2\/posts\/54811\/revisions"}],"wp:featuredmedia":[{"embeddable":true,"href":"https:\/\/cdnoticias.com\/index.php\/wp-json\/wp\/v2\/media\/54812"}],"wp:attachment":[{"href":"https:\/\/cdnoticias.com\/index.php\/wp-json\/wp\/v2\/media?parent=54811"}],"wp:term":[{"taxonomy":"category","embeddable":true,"href":"https:\/\/cdnoticias.com\/index.php\/wp-json\/wp\/v2\/categories?post=54811"},{"taxonomy":"post_tag","embeddable":true,"href":"https:\/\/cdnoticias.com\/index.php\/wp-json\/wp\/v2\/tags?post=54811"}],"curies":[{"name":"wp","href":"https:\/\/api.w.org\/{rel}","templated":true}]}}