{"id":54803,"date":"2022-05-17T17:07:59","date_gmt":"2022-05-17T20:07:59","guid":{"rendered":"https:\/\/www.centraldenoticias.com.ar\/?p=54803"},"modified":"2022-05-17T17:53:45","modified_gmt":"2022-05-17T20:53:45","slug":"el-plan-de-la-mariposa-regresa-a-olavarria","status":"publish","type":"post","link":"https:\/\/cdnoticias.com\/index.php\/2022\/05\/17\/el-plan-de-la-mariposa-regresa-a-olavarria\/","title":{"rendered":"El Plan de la Mariposa regresa a Olavarr\u00eda"},"content":{"rendered":"<p>El show ser\u00e1 el pr\u00f3ximo 2 de julio en Club Mariano Moreno. Los detalles.<!--more--><\/p>\n<hr \/>\n<p>&nbsp;<\/p>\n<p><strong>El Plan de la Mariposa<\/strong> <strong>regresa a Olavarr\u00eda<\/strong> en el marco de su <strong>nueva gira titulada &#8220;<em>Incandescente&#8221; <\/em><\/strong>en la cual recorrer\u00e1n <b>Argentina, Espa\u00f1a, M\u00e9xico, Chile y Uruguay.<\/b><\/p>\n<p>&nbsp;<\/p>\n<p>La banda oriunda de Necochea tocar\u00e1 el pr\u00f3ximo<strong> 2 de julio a las 21:00 en Club Mariano Moreno<\/strong>. La \u00faltima vez que visitaron Olavarr\u00eda fue el <a href=\"https:\/\/cdnoticias.com\/index.php\/2021\/08\/29\/la-vida-cura-y-el-plan-de-la-mariposa-tambien\/\" target=\"_blank\" rel=\"noopener\">28 de agosto pasado en el Teatro Municipal.\u00a0<\/a><\/p>\n<p>&nbsp;<\/p>\n<p><img data-recalc-dims=\"1\" loading=\"lazy\" decoding=\"async\" class=\"aligncenter wp-image-54804 size-large\" src=\"https:\/\/i0.wp.com\/cdnoticias.com\/wp-content\/uploads\/2022\/05\/1080x1080-OLAVARRIA.jpg?resize=800%2C800&#038;ssl=1\" alt=\"\" width=\"800\" height=\"800\" srcset=\"https:\/\/i0.wp.com\/cdnoticias.com\/wp-content\/uploads\/2022\/05\/1080x1080-OLAVARRIA.jpg?resize=1024%2C1024&amp;ssl=1 1024w, https:\/\/i0.wp.com\/cdnoticias.com\/wp-content\/uploads\/2022\/05\/1080x1080-OLAVARRIA.jpg?resize=300%2C300&amp;ssl=1 300w, https:\/\/i0.wp.com\/cdnoticias.com\/wp-content\/uploads\/2022\/05\/1080x1080-OLAVARRIA.jpg?resize=150%2C150&amp;ssl=1 150w, https:\/\/i0.wp.com\/cdnoticias.com\/wp-content\/uploads\/2022\/05\/1080x1080-OLAVARRIA.jpg?resize=768%2C768&amp;ssl=1 768w, https:\/\/i0.wp.com\/cdnoticias.com\/wp-content\/uploads\/2022\/05\/1080x1080-OLAVARRIA.jpg?w=1080&amp;ssl=1 1080w\" sizes=\"auto, (max-width: 800px) 100vw, 800px\" \/><\/p>\n<p>&nbsp;<\/p>\n<p>Recientemente, <strong>lanzaron una nueva canci\u00f3n junto con su video oficial<\/strong> llamada <strong><em>&#8220;Viaje de Transformaci\u00f3n&#8221;<\/em><\/strong> la cual se encuentra disponible en todas las plataformas digitales.<\/p>\n<p>&nbsp;<\/p>\n<p><strong>El Plan de la Mariposa<\/strong> est\u00e1 integrado por <strong>Sebasti\u00e1n Andersen<\/strong> en voz, <strong>Camila Andersen<\/strong> en voz, <strong>Valent\u00edn Andersen<\/strong> en guitarras y voz, <strong>M\u00e1ximo Andersen<\/strong> en teclado, <strong>Santiago Andersen<\/strong> en viol\u00edn,<strong> Andr\u00e9s N\u00f6r<\/strong> en bajo y<strong> Juli\u00e1n Ropero<\/strong> en bater\u00eda.<\/p>\n<p>&nbsp;<\/p>\n<p><strong>Valor de entradas anticipadas: $2500.<\/strong> Las entradas se pueden adquirir a trav\u00e9s de <strong>Disquer\u00eda Collins<\/strong> (Necochea 2831) y <strong>v\u00eda online<\/strong> a trav\u00e9s del siguiente link:\u00a0 <a href=\"https:\/\/articket.com.ar\/detalle\/EL-PLAN-DE-LA-MARIPOSA-EN-OLAVARRIA\/\" target=\"_blank\" rel=\"noopener\">Articket.com.ar<\/a><\/p>\n<p>&nbsp;<\/p>\n<p>&nbsp;<\/p>\n<p>&nbsp;<\/p>\n<p>&nbsp;<\/p>\n<p>&nbsp;<\/p>\n","protected":false},"excerpt":{"rendered":"<p>El show ser\u00e1 el pr\u00f3ximo 2 de julio en Club Mariano Moreno. Los detalles.<\/p>\n","protected":false},"author":6,"featured_media":54807,"comment_status":"closed","ping_status":"closed","sticky":false,"template":"","format":"standard","meta":{"_jetpack_memberships_contains_paid_content":false,"footnotes":""},"categories":[9,1],"tags":[],"class_list":["post-54803","post","type-post","status-publish","format-standard","has-post-thumbnail","hentry","category-cultura","category-portada"],"jetpack_featured_media_url":"https:\/\/i0.wp.com\/cdnoticias.com\/wp-content\/uploads\/2022\/05\/WhatsApp-Image-2022-05-16-at-5.31.29-PM.jpeg?fit=720%2C527&ssl=1","jetpack_sharing_enabled":true,"_links":{"self":[{"href":"https:\/\/cdnoticias.com\/index.php\/wp-json\/wp\/v2\/posts\/54803","targetHints":{"allow":["GET"]}}],"collection":[{"href":"https:\/\/cdnoticias.com\/index.php\/wp-json\/wp\/v2\/posts"}],"about":[{"href":"https:\/\/cdnoticias.com\/index.php\/wp-json\/wp\/v2\/types\/post"}],"author":[{"embeddable":true,"href":"https:\/\/cdnoticias.com\/index.php\/wp-json\/wp\/v2\/users\/6"}],"replies":[{"embeddable":true,"href":"https:\/\/cdnoticias.com\/index.php\/wp-json\/wp\/v2\/comments?post=54803"}],"version-history":[{"count":0,"href":"https:\/\/cdnoticias.com\/index.php\/wp-json\/wp\/v2\/posts\/54803\/revisions"}],"wp:featuredmedia":[{"embeddable":true,"href":"https:\/\/cdnoticias.com\/index.php\/wp-json\/wp\/v2\/media\/54807"}],"wp:attachment":[{"href":"https:\/\/cdnoticias.com\/index.php\/wp-json\/wp\/v2\/media?parent=54803"}],"wp:term":[{"taxonomy":"category","embeddable":true,"href":"https:\/\/cdnoticias.com\/index.php\/wp-json\/wp\/v2\/categories?post=54803"},{"taxonomy":"post_tag","embeddable":true,"href":"https:\/\/cdnoticias.com\/index.php\/wp-json\/wp\/v2\/tags?post=54803"}],"curies":[{"name":"wp","href":"https:\/\/api.w.org\/{rel}","templated":true}]}}