{"id":54760,"date":"2022-05-16T10:13:16","date_gmt":"2022-05-16T13:13:16","guid":{"rendered":"https:\/\/www.centraldenoticias.com.ar\/?p=54760"},"modified":"2022-05-17T08:01:12","modified_gmt":"2022-05-17T11:01:12","slug":"se-conocio-la-identidad-del-motociclista-fallecido-en-un-accidente","status":"publish","type":"post","link":"https:\/\/cdnoticias.com\/index.php\/2022\/05\/16\/se-conocio-la-identidad-del-motociclista-fallecido-en-un-accidente\/","title":{"rendered":"Se conoci\u00f3 la identidad del motociclista fallecido en un accidente"},"content":{"rendered":"<p>Ocurri\u00f3 este lunes por la ma\u00f1ana en el Camino de los Pueblos. Ten\u00eda 43 a\u00f1os y era trabajador de salud.<!--more--><\/p>\n<hr \/>\n<p>Un motociclista falleci\u00f3 este lunes tras un<a href=\"https:\/\/cdnoticias.com\/index.php\/2022\/05\/16\/un-motociclista-fallecio-en-un-siniestro-vial-en-el-camino-de-los-pueblos\/\" target=\"_blank\" rel=\"noopener\"> accidente en el Camino de los Pueblos<\/a>, a metros de la \u201cS\u201d de Sierra Chica.<\/p>\n<p>&nbsp;<\/p>\n<p>Seg\u00fan se indic\u00f3, una camioneta Kangoo habr\u00eda \u201crozado\u201d a la moto en una maniobra de sobrepaso. Al perder el control sobre su veh\u00edculo, el motociclista cay\u00f3 al suelo y fue arrollado por un Volkswagen Senda que circulaba en el mismo sentido.<\/p>\n<p>&nbsp;<\/p>\n<p>El motociclista falleci\u00f3 en el lugar. Se trata de <strong>Diego Mestre, de 43 a\u00f1os, empleado del \u00e1rea sanitaria del Servicio Penitenciario Bonaerense y enfermero del Hospital Municipal &#8220;Dr. H\u00e9ctor Cura&#8221;.\u00a0<\/strong><\/p>\n<p>&nbsp;<\/p>\n","protected":false},"excerpt":{"rendered":"<p>Ocurri\u00f3 este lunes por la ma\u00f1ana en el Camino de los Pueblos. Ten\u00eda 43 a\u00f1os y era trabajador de salud.<\/p>\n","protected":false},"author":5,"featured_media":54762,"comment_status":"closed","ping_status":"closed","sticky":false,"template":"","format":"standard","meta":{"_jetpack_memberships_contains_paid_content":false,"footnotes":""},"categories":[14,1],"tags":[],"class_list":["post-54760","post","type-post","status-publish","format-standard","has-post-thumbnail","hentry","category-policiales","category-portada"],"jetpack_featured_media_url":"https:\/\/i0.wp.com\/cdnoticias.com\/wp-content\/uploads\/2022\/05\/accidente-sierra-chica02.jpg?fit=1157%2C694&ssl=1","jetpack_sharing_enabled":true,"_links":{"self":[{"href":"https:\/\/cdnoticias.com\/index.php\/wp-json\/wp\/v2\/posts\/54760","targetHints":{"allow":["GET"]}}],"collection":[{"href":"https:\/\/cdnoticias.com\/index.php\/wp-json\/wp\/v2\/posts"}],"about":[{"href":"https:\/\/cdnoticias.com\/index.php\/wp-json\/wp\/v2\/types\/post"}],"author":[{"embeddable":true,"href":"https:\/\/cdnoticias.com\/index.php\/wp-json\/wp\/v2\/users\/5"}],"replies":[{"embeddable":true,"href":"https:\/\/cdnoticias.com\/index.php\/wp-json\/wp\/v2\/comments?post=54760"}],"version-history":[{"count":0,"href":"https:\/\/cdnoticias.com\/index.php\/wp-json\/wp\/v2\/posts\/54760\/revisions"}],"wp:featuredmedia":[{"embeddable":true,"href":"https:\/\/cdnoticias.com\/index.php\/wp-json\/wp\/v2\/media\/54762"}],"wp:attachment":[{"href":"https:\/\/cdnoticias.com\/index.php\/wp-json\/wp\/v2\/media?parent=54760"}],"wp:term":[{"taxonomy":"category","embeddable":true,"href":"https:\/\/cdnoticias.com\/index.php\/wp-json\/wp\/v2\/categories?post=54760"},{"taxonomy":"post_tag","embeddable":true,"href":"https:\/\/cdnoticias.com\/index.php\/wp-json\/wp\/v2\/tags?post=54760"}],"curies":[{"name":"wp","href":"https:\/\/api.w.org\/{rel}","templated":true}]}}