{"id":5473,"date":"2020-11-02T19:18:23","date_gmt":"2020-11-02T22:18:23","guid":{"rendered":"http:\/\/www.centraldenoticias.com.ar\/?p=5473"},"modified":"2020-11-02T19:18:23","modified_gmt":"2020-11-02T22:18:23","slug":"juan-carlos-borra-q-e-p-d","status":"publish","type":"post","link":"https:\/\/cdnoticias.com\/index.php\/2020\/11\/02\/juan-carlos-borra-q-e-p-d\/","title":{"rendered":"Juan Carlos Borra (Q.E.P.D.)"},"content":{"rendered":"<p>Falleci\u00f3 en Olavarr\u00eda el d\u00eda 2 de Noviembre de 2020 a los 54 a\u00f1os de edad. Su esposa Patricia, sus hijos Melisa, Franco y Ramiro, sus hijos pol\u00edticos Juan, Jonatan y Tania, su madre Azucena, su padre pol\u00edtico Dante, sus hermanos Daniel y Miguel, su hermana pol\u00edtica Sonia y dem\u00e1s deudos participan su fallecimiento.<\/p>\n<p>&nbsp;<\/p>\n<p>No se realiza velatorio ni responso. Sus restos ser\u00e1n inhumados este martes desde las 10.30 en el cementerio Loma de Paz. Vecino del barrio Pueblo Nuevo.<\/p>\n<p>&nbsp;<\/p>\n<p>&nbsp;<\/p>\n","protected":false},"excerpt":{"rendered":"<p>Falleci\u00f3 en Olavarr\u00eda el d\u00eda 2 de Noviembre de 2020 a los 54 a\u00f1os de edad. Su esposa Patricia, sus<\/p>\n","protected":false},"author":3,"featured_media":0,"comment_status":"closed","ping_status":"closed","sticky":false,"template":"","format":"standard","meta":{"_jetpack_memberships_contains_paid_content":false,"footnotes":""},"categories":[10],"tags":[],"class_list":["post-5473","post","type-post","status-publish","format-standard","hentry","category-necrologicas"],"jetpack_featured_media_url":"","jetpack_sharing_enabled":true,"_links":{"self":[{"href":"https:\/\/cdnoticias.com\/index.php\/wp-json\/wp\/v2\/posts\/5473","targetHints":{"allow":["GET"]}}],"collection":[{"href":"https:\/\/cdnoticias.com\/index.php\/wp-json\/wp\/v2\/posts"}],"about":[{"href":"https:\/\/cdnoticias.com\/index.php\/wp-json\/wp\/v2\/types\/post"}],"author":[{"embeddable":true,"href":"https:\/\/cdnoticias.com\/index.php\/wp-json\/wp\/v2\/users\/3"}],"replies":[{"embeddable":true,"href":"https:\/\/cdnoticias.com\/index.php\/wp-json\/wp\/v2\/comments?post=5473"}],"version-history":[{"count":0,"href":"https:\/\/cdnoticias.com\/index.php\/wp-json\/wp\/v2\/posts\/5473\/revisions"}],"wp:attachment":[{"href":"https:\/\/cdnoticias.com\/index.php\/wp-json\/wp\/v2\/media?parent=5473"}],"wp:term":[{"taxonomy":"category","embeddable":true,"href":"https:\/\/cdnoticias.com\/index.php\/wp-json\/wp\/v2\/categories?post=5473"},{"taxonomy":"post_tag","embeddable":true,"href":"https:\/\/cdnoticias.com\/index.php\/wp-json\/wp\/v2\/tags?post=5473"}],"curies":[{"name":"wp","href":"https:\/\/api.w.org\/{rel}","templated":true}]}}