{"id":54717,"date":"2022-05-15T10:40:40","date_gmt":"2022-05-15T13:40:40","guid":{"rendered":"https:\/\/www.centraldenoticias.com.ar\/?p=54717"},"modified":"2022-05-15T12:11:41","modified_gmt":"2022-05-15T15:11:41","slug":"las-zonas-sur-y-oeste-con-mayor-crecimiento-demografico-en-la-ultima-decada","status":"publish","type":"post","link":"https:\/\/cdnoticias.com\/index.php\/2022\/05\/15\/las-zonas-sur-y-oeste-con-mayor-crecimiento-demografico-en-la-ultima-decada\/","title":{"rendered":"Las zonas sur y oeste con mayor crecimiento demogr\u00e1fico en la \u00faltima d\u00e9cada"},"content":{"rendered":"<p>El dato surge de un informe elaborado por CoPeBo en el partido de Olavarr\u00eda. La nuevas necesidades barriales detectadas en los sectores de m\u00e1s crecimiento.<!--more--><\/p>\n<hr \/>\n<p>El equipo t\u00e9cnico profesional de la<strong> Corriente de Pensamiento Bonaerense (CoPeBo)<\/strong> elabor\u00f3 un informe sobre <strong>crecimiento demogr\u00e1fico en Olavarr\u00eda durante la \u00faltima d\u00e9cada.<\/strong> Seg\u00fan estos datos,<strong> el sur y el oeste de la ciudad, crecieron 4 veces m\u00e1s que casi todo el resto de los barrios.<\/strong><\/p>\n<p>&nbsp;<\/p>\n<p>\u201cEl crecimiento demogr\u00e1fico que durante la \u00faltima d\u00e9cada ha tenido la zona sur y la zona oeste en la ciudad de Olavarr\u00eda <strong>rozar\u00eda casi un 90%<\/strong>\u201d, afirmaron.<\/p>\n<p>&nbsp;<\/p>\n<p>Por otra parte, aseguraron que \u201cde las distintas fuentes consultadas, surge que en el partido de Olavarr\u00eda<strong> hay casi 50.000 partidas emitidas inmobiliarias edificadas, con mas de 450 obras en construcci\u00f3n<\/strong>\u201d.<\/p>\n<p>&nbsp;<\/p>\n<p>A su vez, indicaron que en entrevistas con vecinos \u201cse advierte que este proceso de fuerte urbanizaci\u00f3n <strong>no ha sido acompa\u00f1ado por un desarrollo estrat\u00e9gico territorial<\/strong> de los servicios p\u00fablicos, comercial y por el paso del transporte p\u00fablico de pasajeros\u201d.<\/p>\n<p>&nbsp;<\/p>\n<p>Seg\u00fan el estudio realizado, se estima que los barrios<strong> Villa Aurora, Villa Aurora sur, Villa Mailin sur, Magdalena y el nuevo AOMA obreros,<\/strong> fueron el sector que m\u00e1s creci\u00f3 en los \u00faltimos 10 a\u00f1os demogr\u00e1ficamente en \u201cno menos de un 75%\u201d. \u201cLa importancia del Programa Casa Propia y Cr\u00e9ditos (Procrear); viviendas construidas por autoconstrucci\u00f3n privadas han posibilitado un desarrollo urban\u00edstico de este sector\u201d, agregaron.<\/p>\n<p>&nbsp;<\/p>\n<p><img data-recalc-dims=\"1\" loading=\"lazy\" decoding=\"async\" class=\"aligncenter size-full wp-image-54719\" src=\"https:\/\/i0.wp.com\/cdnoticias.com\/wp-content\/uploads\/2022\/05\/WhatsApp-Image-2022-05-14-at-4.50.16-PM.jpeg?resize=800%2C600&#038;ssl=1\" alt=\"\" width=\"800\" height=\"600\" srcset=\"https:\/\/i0.wp.com\/cdnoticias.com\/wp-content\/uploads\/2022\/05\/WhatsApp-Image-2022-05-14-at-4.50.16-PM.jpeg?w=1280&amp;ssl=1 1280w, https:\/\/i0.wp.com\/cdnoticias.com\/wp-content\/uploads\/2022\/05\/WhatsApp-Image-2022-05-14-at-4.50.16-PM.jpeg?resize=300%2C225&amp;ssl=1 300w, https:\/\/i0.wp.com\/cdnoticias.com\/wp-content\/uploads\/2022\/05\/WhatsApp-Image-2022-05-14-at-4.50.16-PM.jpeg?resize=1024%2C768&amp;ssl=1 1024w, https:\/\/i0.wp.com\/cdnoticias.com\/wp-content\/uploads\/2022\/05\/WhatsApp-Image-2022-05-14-at-4.50.16-PM.jpeg?resize=768%2C576&amp;ssl=1 768w\" sizes=\"auto, (max-width: 800px) 100vw, 800px\" \/><\/p>\n<p>&nbsp;<\/p>\n<p>En este primer sector analizado <strong>-Villa Aurora sur-<\/strong> identificaron distintas problem\u00e1ticas como: \u201cfalta de cloacas y agua corriente, calles en muy malas condiciones con importantes zanjones en la boca calles; falta de desarrollos comerciales diversificados, faltan farmacias, centros de salud alejados y hasta las 14.00, poca iluminaci\u00f3n, no hay playones deportivos ni espacios verdes destinados a la recreaci\u00f3n, se necesita mayor presencia de recorridos de la polic\u00eda y cajeros autom\u00e1ticos\u201d.<\/p>\n<p>&nbsp;<\/p>\n<p>Resaltaron que los vecinos piden bicisendas desde la escuela Agropecuaria hasta el Monumento al Trabajo, la erradicaci\u00f3n de mini basurales y la construcci\u00f3n de puentes peatonales para atravesar el zanj\u00f3n de Circunvalaci\u00f3n.<\/p>\n<p>&nbsp;<\/p>\n<p><img data-recalc-dims=\"1\" loading=\"lazy\" decoding=\"async\" class=\"aligncenter size-full wp-image-54718\" src=\"https:\/\/i0.wp.com\/cdnoticias.com\/wp-content\/uploads\/2022\/05\/WhatsApp-Image-2022-05-14-at-4.50.17-PM-1.jpeg?resize=800%2C449&#038;ssl=1\" alt=\"\" width=\"800\" height=\"449\" srcset=\"https:\/\/i0.wp.com\/cdnoticias.com\/wp-content\/uploads\/2022\/05\/WhatsApp-Image-2022-05-14-at-4.50.17-PM-1.jpeg?w=1600&amp;ssl=1 1600w, https:\/\/i0.wp.com\/cdnoticias.com\/wp-content\/uploads\/2022\/05\/WhatsApp-Image-2022-05-14-at-4.50.17-PM-1.jpeg?resize=300%2C168&amp;ssl=1 300w, https:\/\/i0.wp.com\/cdnoticias.com\/wp-content\/uploads\/2022\/05\/WhatsApp-Image-2022-05-14-at-4.50.17-PM-1.jpeg?resize=1024%2C575&amp;ssl=1 1024w, https:\/\/i0.wp.com\/cdnoticias.com\/wp-content\/uploads\/2022\/05\/WhatsApp-Image-2022-05-14-at-4.50.17-PM-1.jpeg?resize=768%2C431&amp;ssl=1 768w, https:\/\/i0.wp.com\/cdnoticias.com\/wp-content\/uploads\/2022\/05\/WhatsApp-Image-2022-05-14-at-4.50.17-PM-1.jpeg?resize=1536%2C862&amp;ssl=1 1536w\" sizes=\"auto, (max-width: 800px) 100vw, 800px\" \/><\/p>\n<p>&nbsp;<\/p>\n<p>Por otro lado, el sector oeste con las construcciones de los <strong>barrios Pickelado, Procrear Pickelado, autoconstrucci\u00f3n, San Mart\u00edn, Dorrego y sector norte con el 12 de octubre<\/strong>, \u201chan registrado un aumento de m\u00e1s del 70 % del crecimiento demogr\u00e1fico\u201d.<\/p>\n<p>&nbsp;<\/p>\n<p>Dentro de las problem\u00e1ticas registradas los m\u00e1s importantes son: \u201cfalta de cloacas, deficiente de presi\u00f3n de agua en la temporada estival, trafico sin sentido de circulaci\u00f3n, autos a alta velocidad, erradicaci\u00f3n de mini basurales, muchos perros en calle que originan conflictos vecinales. Falta de \u00e1rboles desarrollados en el sector de plaza y espacios verdes. La necesidad de que el transporte p\u00fablico ingrese a los barrios\u201d.<\/p>\n<p>&nbsp;<\/p>\n<p>\u201cAlgunos vecinos de estos barrios consultados ven la urgente necesidad de que en los pr\u00f3ximos a\u00f1os debe darse distintos impulsos para desarrollar un plan estrat\u00e9gico socio ambiental entre la Provincia de Buenos Aires y el Municipio de Olavarr\u00eda, donde los problemas serian en materia de transporte p\u00fablico, seguridad, infraestructura en ampliaci\u00f3n de centros de salud, cloacas y conectividad\u201d, indicaron.<\/p>\n<p>&nbsp;<\/p>\n<p>Por \u00faltimo, sostuvieron que <strong>hay un tercer sector con m\u00e1s del 50% de aumento demogr\u00e1fico en los \u00faltimos a\u00f1os, que es el compuesto por los barrios UOCRA, CECO II y adyacentes hasta la ruta 226.<\/strong> All\u00ed se solicita \u201cmayor iluminaci\u00f3n sobre el parque de la ruta 226 y la entrada del transporte p\u00fablico urbano\u201d.<\/p>\n<p>&nbsp;<\/p>\n","protected":false},"excerpt":{"rendered":"<p>El dato surge de un informe elaborado por CoPeBo en el partido de Olavarr\u00eda. La nuevas necesidades barriales detectadas en<\/p>\n","protected":false},"author":5,"featured_media":26579,"comment_status":"closed","ping_status":"closed","sticky":false,"template":"","format":"standard","meta":{"_jetpack_memberships_contains_paid_content":false,"footnotes":""},"categories":[5,1],"tags":[],"class_list":["post-54717","post","type-post","status-publish","format-standard","has-post-thumbnail","hentry","category-informacion-general","category-portada"],"jetpack_featured_media_url":"https:\/\/i0.wp.com\/cdnoticias.com\/wp-content\/uploads\/2021\/07\/Vista-Drone-Olavarr%C3%ADa-1-1024x682-e1639251255800.jpg?fit=980%2C558&ssl=1","jetpack_sharing_enabled":true,"_links":{"self":[{"href":"https:\/\/cdnoticias.com\/index.php\/wp-json\/wp\/v2\/posts\/54717","targetHints":{"allow":["GET"]}}],"collection":[{"href":"https:\/\/cdnoticias.com\/index.php\/wp-json\/wp\/v2\/posts"}],"about":[{"href":"https:\/\/cdnoticias.com\/index.php\/wp-json\/wp\/v2\/types\/post"}],"author":[{"embeddable":true,"href":"https:\/\/cdnoticias.com\/index.php\/wp-json\/wp\/v2\/users\/5"}],"replies":[{"embeddable":true,"href":"https:\/\/cdnoticias.com\/index.php\/wp-json\/wp\/v2\/comments?post=54717"}],"version-history":[{"count":0,"href":"https:\/\/cdnoticias.com\/index.php\/wp-json\/wp\/v2\/posts\/54717\/revisions"}],"wp:featuredmedia":[{"embeddable":true,"href":"https:\/\/cdnoticias.com\/index.php\/wp-json\/wp\/v2\/media\/26579"}],"wp:attachment":[{"href":"https:\/\/cdnoticias.com\/index.php\/wp-json\/wp\/v2\/media?parent=54717"}],"wp:term":[{"taxonomy":"category","embeddable":true,"href":"https:\/\/cdnoticias.com\/index.php\/wp-json\/wp\/v2\/categories?post=54717"},{"taxonomy":"post_tag","embeddable":true,"href":"https:\/\/cdnoticias.com\/index.php\/wp-json\/wp\/v2\/tags?post=54717"}],"curies":[{"name":"wp","href":"https:\/\/api.w.org\/{rel}","templated":true}]}}