{"id":54688,"date":"2022-05-14T17:40:28","date_gmt":"2022-05-14T20:40:28","guid":{"rendered":"https:\/\/www.centraldenoticias.com.ar\/?p=54688"},"modified":"2022-05-14T18:37:36","modified_gmt":"2022-05-14T21:37:36","slug":"denuncia-de-adoctrinamiento-adunce-defendio-a-la-docente-y-repudio-los-dichos-de-galli","status":"publish","type":"post","link":"https:\/\/cdnoticias.com\/index.php\/2022\/05\/14\/denuncia-de-adoctrinamiento-adunce-defendio-a-la-docente-y-repudio-los-dichos-de-galli\/","title":{"rendered":"Denuncia de adoctrinamiento: Adunce defendi\u00f3 a la docente y repudi\u00f3 los dichos de Galli"},"content":{"rendered":"<p>La Asociaci\u00f3n de Docentes Universitarios de la UNICEN sali\u00f3 al cruce de las declaraciones del intendente y pidi\u00f3 que se retracte. Record\u00f3 la libertad de c\u00e1tedra y autonom\u00eda universitaria vigente desde 1918.<!--more--><\/p>\n<hr \/>\n<p><strong>\u201cLibertad de C\u00e1tedra y Universidad Aut\u00f3noma desde 1918, no se negocia\u201d<\/strong>, bajo ese t\u00edtulo la comisi\u00f3n directiva de la Asociaci\u00f3n de Docentes Universitarios de la Universidad Nacional del Centro (Adunce) repudi\u00f3 las expresiones del intendente Ezequiel Galli sobre <a href=\"https:\/\/cdnoticias.com\/index.php\/2022\/05\/14\/el-intendente-galli-denuncio-adoctrinamiento-en-la-facultad-de-salud\/\" target=\"_blank\" rel=\"noopener\">\u201cadoctrinamiento\u201d en los estudiantes de la Facultad de Salud.<\/a><\/p>\n<p>&nbsp;<\/p>\n<p>El propio intendente mostr\u00f3 una <strong>foto de un examen tomado en una de las c\u00e1tedras<\/strong> que se brindan en la Facultad donde se cita un art\u00edculo period\u00edstico que muestra un reclamo de vecinos y vecinas de las localidades por la falta de un m\u00e9dico de guardia.<\/p>\n<p>&nbsp;<\/p>\n<p>Adunce sali\u00f3 al cruce de estas declaraciones y<strong> exigi\u00f3 una retractaci\u00f3n por parte del jefe comunal.<\/strong> Adem\u00e1s, se solidariz\u00f3 con la docente y afiliada a la organizaci\u00f3n, y puso a disposici\u00f3n <strong>\u201ctodas las herramientas disponibles para su resguardo\u201d.<\/strong><\/p>\n<p>&nbsp;<\/p>\n<p>A trav\u00e9s de un comunicado, consideraron que \u201cla actitud y la acci\u00f3n de Galli, <strong>se producen en el marco de una campa\u00f1a pol\u00edtica particular.<\/strong> Dado que, en los \u00faltimos tiempos, hemos asistido a distintos ataques discursivos por parte de referentes pol\u00edticos contra docentes y contra la universidad p\u00fablica. Estos cuestionamientos tienen origen en una concepci\u00f3n comercial y utilitaria de la educaci\u00f3n p\u00fablica que millita el arancelamiento y la privatizaci\u00f3n\u201d.<\/p>\n<p>&nbsp;<\/p>\n<p>En otro pasaje, indicaron que<strong> \u201cresulta pertinente ilustrar al intendente\u201d<\/strong>. En ese sentido, expresaron que <strong>\u201cla autonom\u00eda universitaria y la libertad de c\u00e1tedra son reconocidas en todos los estatutos vigentes desde la gesta de 1918 en C\u00f3rdoba. Adem\u00e1s, la libertad de pensamiento est\u00e1 amparada por nuestra Constituci\u00f3n Nacional\u201d.<\/strong><\/p>\n<p>&nbsp;<\/p>\n<p>Y agregaron: \u201c<strong>la libertad de c\u00e1tedra es un derecho fundamental de los profesores y las profesoras,<\/strong> una de las manifestaciones de la libertad de ense\u00f1anza, as\u00ed como concreci\u00f3n espec\u00edfica de la libertad de expresi\u00f3n. Adem\u00e1s, incluye el derecho que tienen los y las docentes de exponer la materia que deben impartir con arreglo a sus propias convicciones\u201d.<\/p>\n<p>&nbsp;<\/p>\n<p>Por \u00faltimo, sostuvieron que \u201ctodos estos derechos<strong> han sido sostenidos durante m\u00e1s de un siglo por la comunidad universitaria<\/strong>, frente al avance de sucesivos gobiernos autoritarios y a pol\u00edticas de ajuste econ\u00f3mico, social y cultural. Por ello creemos que este tipo de ataques a la docencia universitaria que est\u00e1 formando ciudadan\u00eda, se trata de un ataque a la democracia, las libertades consagradas y los derechos fundamentales\u201d.<\/p>\n<p>&nbsp;<\/p>\n<p><strong>El comunicado completo:<\/strong><\/p>\n<p><em>*LIBERTAD DE C\u00c1TEDRA Y UNIVERSIDAD AUT\u00d3NOMA DESDE 1918, NO SE NEGOCIA<\/em><\/p>\n<p><em>\u00a0<\/em><\/p>\n<p><em>Repudio a las expresiones del intendente de Olavarr\u00eda Ezequiel Galli* <\/em><\/p>\n<p><em>\u00a0<\/em><\/p>\n<p><em>La Asociaci\u00f3n de Docentes Universitarios de la Universidad Nacional del Centro, ADUNCe, repudia contundentemente los dichos del Intendente Municipal de Olavarr\u00eda Ezequiel Galli. Y con la misma contundencia, exigimos que se retracte en sus dichos. Brindamos nuestra solidaridad y apoyo a la docente y afiliada a nuestra organizaci\u00f3n, as\u00ed como ponemos a su disposici\u00f3n todas las herramientas disponibles para su resguardo.<\/em><\/p>\n<p><em>El mandatario de Juntos por el Cambio, mediante sus redes sociales, expuso fotograf\u00edas de un parcial sobre \u201cgesti\u00f3n sanitaria\u201d que incluye un texto (art\u00edculo period\u00edstico) y preguntas para su an\u00e1lisis. El intendente se indigna, acusa de \u201cadoctrinamiento\u201d y exigi\u00f3 respuestas a las autoridades, y a la docente, de la Facultad de Ciencias de la Salud de la UNICEN, <\/em><\/p>\n<p><em>En primer t\u00e9rmino, consideramos que la actitud y la acci\u00f3n de Galli, se producen en el marco de una campa\u00f1a pol\u00edtica particular. Dado que, en los \u00faltimos tiempos, hemos asistido a distintos ataques discursivos por parte de referentes pol\u00edticos contra docentes y contra la universidad p\u00fablica. Estos cuestionamientos tienen origen en una concepci\u00f3n comercial y utilitaria de la educaci\u00f3n p\u00fablica que millita el arancelamiento y la privatizaci\u00f3n. <\/em><\/p>\n<p><em>Por ello no resulta casual que Galli requiera explicaciones a las autoridades de la instituci\u00f3n cual gerencia empresarial. Por esto resulta pertinente ilustrar al intendente. La autonom\u00eda universitaria y la libertad de c\u00e1tedra son reconocidas en todos los estatutos vigentes desde la gesta de 1918 en C\u00f3rdoba. Adem\u00e1s, la libertad de pensamiento est\u00e1 amparada por nuestra Constituci\u00f3n Nacional. <\/em><\/p>\n<p><em>Recordemos que la autonom\u00eda universitaria se define como la libertad acad\u00e9mica, administrativa y legislativa seg\u00fan lo indican los Estatutos; libertad de ense\u00f1ar e investigar. La libertad de c\u00e1tedra es un derecho fundamental de los profesores y las profesoras, una de las manifestaciones de la libertad de ense\u00f1anza, as\u00ed como concreci\u00f3n espec\u00edfica de la libertad de expresi\u00f3n. Adem\u00e1s, incluye el derecho que tienen los y las docentes de exponer la materia que deben impartir con arreglo a sus propias convicciones.<\/em><\/p>\n<p><em>Todos estos derechos han sido sostenidos durante m\u00e1s de un siglo por la comunidad universitaria, frente al avance de sucesivos gobiernos autoritarios y a pol\u00edticas de ajuste econ\u00f3mico, social y cultural. Por ello creemos que este tipo de ataques a la docencia universitaria que est\u00e1 formando ciudadan\u00eda, se trata de un ataque a la democracia, las libertades consagradas y los derechos fundamentales. <\/em><\/p>\n<p><em>Repudiamos este ataque, exigimos la retractaci\u00f3n y nos ponemos a disposici\u00f3n de nuestra compa\u00f1era docente.<\/em><\/p>\n<p><em>\u00a0<\/em><\/p>\n<p><em>\u00a0*Comisi\u00f3n Directiva ADUNCe*<\/em><\/p>\n","protected":false},"excerpt":{"rendered":"<p>La Asociaci\u00f3n de Docentes Universitarios de la UNICEN sali\u00f3 al cruce de las declaraciones del intendente y pidi\u00f3 que se<\/p>\n","protected":false},"author":5,"featured_media":1085,"comment_status":"closed","ping_status":"closed","sticky":false,"template":"","format":"standard","meta":{"_jetpack_memberships_contains_paid_content":false,"footnotes":""},"categories":[4,1],"tags":[],"class_list":["post-54688","post","type-post","status-publish","format-standard","has-post-thumbnail","hentry","category-politica","category-portada"],"jetpack_featured_media_url":"https:\/\/i0.wp.com\/cdnoticias.com\/wp-content\/uploads\/2020\/09\/WhatsApp-Image-2020-09-08-at-19.08.01.jpeg?fit=868%2C653&ssl=1","jetpack_sharing_enabled":true,"_links":{"self":[{"href":"https:\/\/cdnoticias.com\/index.php\/wp-json\/wp\/v2\/posts\/54688","targetHints":{"allow":["GET"]}}],"collection":[{"href":"https:\/\/cdnoticias.com\/index.php\/wp-json\/wp\/v2\/posts"}],"about":[{"href":"https:\/\/cdnoticias.com\/index.php\/wp-json\/wp\/v2\/types\/post"}],"author":[{"embeddable":true,"href":"https:\/\/cdnoticias.com\/index.php\/wp-json\/wp\/v2\/users\/5"}],"replies":[{"embeddable":true,"href":"https:\/\/cdnoticias.com\/index.php\/wp-json\/wp\/v2\/comments?post=54688"}],"version-history":[{"count":0,"href":"https:\/\/cdnoticias.com\/index.php\/wp-json\/wp\/v2\/posts\/54688\/revisions"}],"wp:featuredmedia":[{"embeddable":true,"href":"https:\/\/cdnoticias.com\/index.php\/wp-json\/wp\/v2\/media\/1085"}],"wp:attachment":[{"href":"https:\/\/cdnoticias.com\/index.php\/wp-json\/wp\/v2\/media?parent=54688"}],"wp:term":[{"taxonomy":"category","embeddable":true,"href":"https:\/\/cdnoticias.com\/index.php\/wp-json\/wp\/v2\/categories?post=54688"},{"taxonomy":"post_tag","embeddable":true,"href":"https:\/\/cdnoticias.com\/index.php\/wp-json\/wp\/v2\/tags?post=54688"}],"curies":[{"name":"wp","href":"https:\/\/api.w.org\/{rel}","templated":true}]}}