{"id":54648,"date":"2022-05-13T21:00:50","date_gmt":"2022-05-14T00:00:50","guid":{"rendered":"https:\/\/www.centraldenoticias.com.ar\/?p=54648"},"modified":"2022-05-13T21:00:50","modified_gmt":"2022-05-14T00:00:50","slug":"el-ministerio-de-trabajo-detecto-alta-falta-de-registracion-laboral","status":"publish","type":"post","link":"https:\/\/cdnoticias.com\/index.php\/2022\/05\/13\/el-ministerio-de-trabajo-detecto-alta-falta-de-registracion-laboral\/","title":{"rendered":"El Ministerio de Trabajo detect\u00f3 \u201calta falta de registraci\u00f3n laboral\u201d"},"content":{"rendered":"<p>Fue en una recorrida que la delegaci\u00f3n local realiz\u00f3 en nuestra ciudad. Tambi\u00e9n realizaron controles en Bol\u00edvar y Azul. <!--more--><\/p>\n<hr \/>\n<p>La delegaci\u00f3n local del Ministerio de Trabajo de la Provincia realiz\u00f3 <strong>nuevas inspecciones tanto en Olavarr\u00eda como en Bol\u00edvar y Azul y detect\u00f3 diversas irregularidades en registros laborales y algunas empresas quedaron <em>\u201cbajo apercibimiento de multa\u201d.<\/em><\/strong><\/p>\n<p>&nbsp;<\/p>\n<p>En <strong>Olavarr\u00eda<\/strong> se llevaron a cabo en el transcurso de esta semana<strong> numerosas inspecciones, principalmente en el rubro de la construcci\u00f3n<\/strong>, donde <em><strong>\u201cse corroboro una alta falta de registraci\u00f3n laboral, trabajadores sin estar inscriptos a una asegurada de riesgos de trabajo, sin aportes previsionales y sin obra social\u201d.<\/strong><\/em><\/p>\n<p>&nbsp;<\/p>\n<p>Tambi\u00e9n hubo controles en <strong>Bol\u00edvar<\/strong> dado que <em>\u201cno cuenta con servicio de inspecci\u00f3n laboral ni en seguridad del trabajo\u201d<\/em>. All\u00ed se realizaron m\u00e1s de 30 inspecciones en estudios contables y comercios, en tanto que, en el Hospital de Bol\u00edvar, se inspecciono exhaustivamente las instalaciones a trav\u00e9s del servicio de inspecci\u00f3n en seguridad e higiene.<\/p>\n<p>&nbsp;<\/p>\n<p>En <strong>Azul<\/strong>, por otra parte, el \u00faltimo jueves por la noche se realiz\u00f3 un <strong>operativo especial para detectar trabajo no registrado en las empresas de delivery<\/strong> que trabajan bajo la modalidad de pedidos online. <strong>El resultado fue contundente: la totalidad de los trabajadores no pose\u00edan registraci\u00f3n laboral, por lo tanto <em>\u201cse proceder\u00e1 a citar a la empresa Reparto Ya SA (nombre de fantas\u00eda Pedidos Ya), a que presente la documentaci\u00f3n correspondiente bajo apercibimiento de multa\u201d.<\/em><\/strong><\/p>\n<p>&nbsp;<\/p>\n<p>El Ministerio de Trabajo record\u00f3 que <em>\u201ces una obligaci\u00f3n del empleador registrar a sus trabajadores, que m\u00e1s all\u00e1 de la obligaci\u00f3n legal, es un gesto de empat\u00eda hacia el trabajador que le permitir\u00e1, al estar debidamente registrado, en un futuro poder jubilarse con aportes, poder tener una ART y estar cubierto ante un accidente de trabajo, asegurar para el trabajador y sus familiares una obra social que le permita acceder a la salud para toda su familia, poder tener vacaciones pagas y aguinaldo. Sin mencionar los enormes gastos que le pueden ocasionar los reclamos jur\u00eddicos y\/o administrativos por no tener un trabajador registrado\u201d.<\/em><\/p>\n","protected":false},"excerpt":{"rendered":"<p>Fue en una recorrida que la delegaci\u00f3n local realiz\u00f3 en nuestra ciudad. Tambi\u00e9n realizaron controles en Bol\u00edvar y Azul.<\/p>\n","protected":false},"author":2,"featured_media":41489,"comment_status":"closed","ping_status":"closed","sticky":false,"template":"","format":"standard","meta":{"_jetpack_memberships_contains_paid_content":false,"footnotes":""},"categories":[5,1],"tags":[],"class_list":["post-54648","post","type-post","status-publish","format-standard","has-post-thumbnail","hentry","category-informacion-general","category-portada"],"jetpack_featured_media_url":"https:\/\/i0.wp.com\/cdnoticias.com\/wp-content\/uploads\/2021\/12\/malvinas-ministerio-de-trabajo-00.jpg?fit=800%2C445&ssl=1","jetpack_sharing_enabled":true,"_links":{"self":[{"href":"https:\/\/cdnoticias.com\/index.php\/wp-json\/wp\/v2\/posts\/54648","targetHints":{"allow":["GET"]}}],"collection":[{"href":"https:\/\/cdnoticias.com\/index.php\/wp-json\/wp\/v2\/posts"}],"about":[{"href":"https:\/\/cdnoticias.com\/index.php\/wp-json\/wp\/v2\/types\/post"}],"author":[{"embeddable":true,"href":"https:\/\/cdnoticias.com\/index.php\/wp-json\/wp\/v2\/users\/2"}],"replies":[{"embeddable":true,"href":"https:\/\/cdnoticias.com\/index.php\/wp-json\/wp\/v2\/comments?post=54648"}],"version-history":[{"count":0,"href":"https:\/\/cdnoticias.com\/index.php\/wp-json\/wp\/v2\/posts\/54648\/revisions"}],"wp:featuredmedia":[{"embeddable":true,"href":"https:\/\/cdnoticias.com\/index.php\/wp-json\/wp\/v2\/media\/41489"}],"wp:attachment":[{"href":"https:\/\/cdnoticias.com\/index.php\/wp-json\/wp\/v2\/media?parent=54648"}],"wp:term":[{"taxonomy":"category","embeddable":true,"href":"https:\/\/cdnoticias.com\/index.php\/wp-json\/wp\/v2\/categories?post=54648"},{"taxonomy":"post_tag","embeddable":true,"href":"https:\/\/cdnoticias.com\/index.php\/wp-json\/wp\/v2\/tags?post=54648"}],"curies":[{"name":"wp","href":"https:\/\/api.w.org\/{rel}","templated":true}]}}