{"id":54638,"date":"2022-05-13T18:56:39","date_gmt":"2022-05-13T21:56:39","guid":{"rendered":"https:\/\/www.centraldenoticias.com.ar\/?p=54638"},"modified":"2022-05-14T09:07:27","modified_gmt":"2022-05-14T12:07:27","slug":"un-olavarriense-fue-victima-de-un-extrano-robo-en-ruta-226-le-sustrajeron-dos-millones-de-pesos","status":"publish","type":"post","link":"https:\/\/cdnoticias.com\/index.php\/2022\/05\/13\/un-olavarriense-fue-victima-de-un-extrano-robo-en-ruta-226-le-sustrajeron-dos-millones-de-pesos\/","title":{"rendered":"Un olavarriense fue v\u00edctima de un extra\u00f1o robo en ruta 226: le sustrajeron dos millones de pesos"},"content":{"rendered":"<p>Fue en la noche del jueves, en el kil\u00f3metro 288 de la ruta nacional. Se habr\u00eda tratado de una emboscada en una presunta compra-venta de d\u00f3lares. <!--more--><\/p>\n<hr \/>\n<p>En la noche del jueves, u<strong>n olavarriense fue v\u00edctima de un violento y extra\u00f1o robo en plena ruta nacional 226: le robaron m\u00e1s de dos millones de pesos en lo que ser\u00eda una emboscada por una compra-venta de d\u00f3lares.<\/strong><\/p>\n<p>&nbsp;<\/p>\n<p>Seg\u00fan inform\u00f3 el portal <strong>La Ma\u00f1ana de Bol\u00edvar<\/strong>, dos individuos que ser\u00edan de Bol\u00edvar interceptaron a un hombre identificado como Ceferino Carlos Mart\u00ednez, de nuestra ciudad, y le arrebataron la importante suma de dinero.<\/p>\n<p>&nbsp;<\/p>\n<blockquote><p>El hecho se registr\u00f3 aproximadamente a las 19 horas y los delincuentes se trasladaban en un Renault Megane color rojo, mientras que el olavarriense lo hac\u00eda a bordo de un Volkswagen Gol Trend.<\/p><\/blockquote>\n<p>&nbsp;<\/p>\n<p>Las fuentes consultadas por el diario bolivarense coincidieron en <strong>indicar el hecho como \u201cuna emboscada\u201d ya que habr\u00eda un acuerdo entre las dos partes para encontrarse all\u00ed y realizar un intercambio de dinero, en lo que se tratar\u00eda de una compra-venta de d\u00f3lares.<\/strong><\/p>\n<p>&nbsp;<\/p>\n<p><strong>El robo, a punta de pistola, termin\u00f3 con el olavarriense varado en la ruta<\/strong> dado que los delincuentes le arrancaron los cables de la bater\u00eda al veh\u00edculo para \u201cevitar una r\u00e1pida reacci\u00f3n\u201d y se dieron a la fuga.<\/p>\n","protected":false},"excerpt":{"rendered":"<p>Fue en la noche del jueves, en el kil\u00f3metro 288 de la ruta nacional. Se habr\u00eda tratado de una emboscada<\/p>\n","protected":false},"author":2,"featured_media":54639,"comment_status":"closed","ping_status":"closed","sticky":false,"template":"","format":"standard","meta":{"_jetpack_memberships_contains_paid_content":false,"footnotes":""},"categories":[14,1],"tags":[],"class_list":["post-54638","post","type-post","status-publish","format-standard","has-post-thumbnail","hentry","category-policiales","category-portada"],"jetpack_featured_media_url":"https:\/\/i0.wp.com\/cdnoticias.com\/wp-content\/uploads\/2022\/05\/cotizacion-dolar.jpg?fit=770%2C433&ssl=1","jetpack_sharing_enabled":true,"_links":{"self":[{"href":"https:\/\/cdnoticias.com\/index.php\/wp-json\/wp\/v2\/posts\/54638","targetHints":{"allow":["GET"]}}],"collection":[{"href":"https:\/\/cdnoticias.com\/index.php\/wp-json\/wp\/v2\/posts"}],"about":[{"href":"https:\/\/cdnoticias.com\/index.php\/wp-json\/wp\/v2\/types\/post"}],"author":[{"embeddable":true,"href":"https:\/\/cdnoticias.com\/index.php\/wp-json\/wp\/v2\/users\/2"}],"replies":[{"embeddable":true,"href":"https:\/\/cdnoticias.com\/index.php\/wp-json\/wp\/v2\/comments?post=54638"}],"version-history":[{"count":0,"href":"https:\/\/cdnoticias.com\/index.php\/wp-json\/wp\/v2\/posts\/54638\/revisions"}],"wp:featuredmedia":[{"embeddable":true,"href":"https:\/\/cdnoticias.com\/index.php\/wp-json\/wp\/v2\/media\/54639"}],"wp:attachment":[{"href":"https:\/\/cdnoticias.com\/index.php\/wp-json\/wp\/v2\/media?parent=54638"}],"wp:term":[{"taxonomy":"category","embeddable":true,"href":"https:\/\/cdnoticias.com\/index.php\/wp-json\/wp\/v2\/categories?post=54638"},{"taxonomy":"post_tag","embeddable":true,"href":"https:\/\/cdnoticias.com\/index.php\/wp-json\/wp\/v2\/tags?post=54638"}],"curies":[{"name":"wp","href":"https:\/\/api.w.org\/{rel}","templated":true}]}}