{"id":54633,"date":"2022-05-13T18:51:45","date_gmt":"2022-05-13T21:51:45","guid":{"rendered":"https:\/\/www.centraldenoticias.com.ar\/?p=54633"},"modified":"2022-05-13T18:56:58","modified_gmt":"2022-05-13T21:56:58","slug":"fallecieron-dos-pacientes-con-covid-19-en-olavarria","status":"publish","type":"post","link":"https:\/\/cdnoticias.com\/index.php\/2022\/05\/13\/fallecieron-dos-pacientes-con-covid-19-en-olavarria\/","title":{"rendered":"Fallecieron dos pacientes con Covid 19 en Olavarr\u00eda"},"content":{"rendered":"<p>Se dio a conocer que hay 33 casos activos y dos pacientes internados. <!--more--><\/p>\n<hr \/>\n<p>&nbsp;<\/p>\n<p>La <strong>Secretar\u00eda de Salud del Municipio<\/strong> emiti\u00f3 e<strong>l informe sanitario<\/strong> correspondiente a la semana del 9 al 13 de mayo de 2022.<\/p>\n<p>&nbsp;<\/p>\n<p><img data-recalc-dims=\"1\" loading=\"lazy\" decoding=\"async\" class=\"aligncenter wp-image-54634 size-large\" src=\"https:\/\/i0.wp.com\/cdnoticias.com\/wp-content\/uploads\/2022\/05\/WhatsApp-Image-2022-05-13-at-6.41.40-PM-1024x1024.jpeg?resize=800%2C800&#038;ssl=1\" alt=\"\" width=\"800\" height=\"800\" \/><\/p>\n<p>&nbsp;<\/p>\n<p>En este sentido, se inform\u00f3 que durante la semana<strong> fallecieron dos pacientes de sexo femenino con Covid-19.<\/strong> Una de ellos falleci\u00f3 el s\u00e1bado 7 de mayo, ten\u00eda 69 a\u00f1os y estuvo internado siete d\u00edas en UTI. Ten\u00eda tres dosis de vacunas. La otra paciente de 88 a\u00f1os falleci\u00f3 hoy y estuvo seis d\u00edas internada en el Hospital Municipal. Ten\u00eda tres dosis de vacunas.<\/p>\n<p>&nbsp;<\/p>\n<p>Adem\u00e1s, se indic\u00f3 que fueron <strong>264 los testeos que se realizaron<\/strong>, de los cuales <strong>33 fueron positivos y 231 negativos para Covid-19.<\/strong><\/p>\n<p>&nbsp;<\/p>\n<p><img data-recalc-dims=\"1\" loading=\"lazy\" decoding=\"async\" class=\"aligncenter wp-image-54635 size-large\" src=\"https:\/\/i0.wp.com\/cdnoticias.com\/wp-content\/uploads\/2022\/05\/WhatsApp-Image-2022-05-13-at-6.41.38-PM-1024x1024.jpeg?resize=800%2C800&#038;ssl=1\" alt=\"\" width=\"800\" height=\"800\" \/><\/p>\n<p>&nbsp;<\/p>\n<p>Por otro lado, se indic\u00f3 que en la semana <strong>diez pacientes recibieron el alta m\u00e9dica<\/strong>, por lo que son treinta y seis las personas que transitan la enfermedad en Olavarr\u00eda. <strong>La mayor\u00eda de los pacientes activos tiene menos de 60 a\u00f1os.<\/strong><\/p>\n<p>&nbsp;<\/p>\n<p><img data-recalc-dims=\"1\" loading=\"lazy\" decoding=\"async\" class=\"aligncenter wp-image-54636 size-large\" src=\"https:\/\/i0.wp.com\/cdnoticias.com\/wp-content\/uploads\/2022\/05\/WhatsApp-Image-2022-05-13-at-6.41.37-PM-1024x1024.jpeg?resize=800%2C800&#038;ssl=1\" alt=\"\" width=\"800\" height=\"800\" \/><\/p>\n<p>&nbsp;<\/p>\n<p>La Secretar\u00eda de Salud indic\u00f3 que la positividad fue de 12.5% y que <strong>hay un paciente internado en el sector de Cuidados Generales y uno en Cuidados Intensivos del Hospital Municipal Dr. H\u00e9ctor Cura.<\/strong><\/p>\n","protected":false},"excerpt":{"rendered":"<p>Se dio a conocer que hay 33 casos activos y dos pacientes internados.<\/p>\n","protected":false},"author":6,"featured_media":50368,"comment_status":"closed","ping_status":"closed","sticky":false,"template":"","format":"standard","meta":{"_jetpack_memberships_contains_paid_content":false,"footnotes":""},"categories":[16,1],"tags":[],"class_list":["post-54633","post","type-post","status-publish","format-standard","has-post-thumbnail","hentry","category-covid-19","category-portada"],"jetpack_featured_media_url":"https:\/\/i0.wp.com\/cdnoticias.com\/wp-content\/uploads\/2022\/03\/Hospital-Municipal-Drone-03.jpg?fit=800%2C445&ssl=1","jetpack_sharing_enabled":true,"_links":{"self":[{"href":"https:\/\/cdnoticias.com\/index.php\/wp-json\/wp\/v2\/posts\/54633","targetHints":{"allow":["GET"]}}],"collection":[{"href":"https:\/\/cdnoticias.com\/index.php\/wp-json\/wp\/v2\/posts"}],"about":[{"href":"https:\/\/cdnoticias.com\/index.php\/wp-json\/wp\/v2\/types\/post"}],"author":[{"embeddable":true,"href":"https:\/\/cdnoticias.com\/index.php\/wp-json\/wp\/v2\/users\/6"}],"replies":[{"embeddable":true,"href":"https:\/\/cdnoticias.com\/index.php\/wp-json\/wp\/v2\/comments?post=54633"}],"version-history":[{"count":0,"href":"https:\/\/cdnoticias.com\/index.php\/wp-json\/wp\/v2\/posts\/54633\/revisions"}],"wp:featuredmedia":[{"embeddable":true,"href":"https:\/\/cdnoticias.com\/index.php\/wp-json\/wp\/v2\/media\/50368"}],"wp:attachment":[{"href":"https:\/\/cdnoticias.com\/index.php\/wp-json\/wp\/v2\/media?parent=54633"}],"wp:term":[{"taxonomy":"category","embeddable":true,"href":"https:\/\/cdnoticias.com\/index.php\/wp-json\/wp\/v2\/categories?post=54633"},{"taxonomy":"post_tag","embeddable":true,"href":"https:\/\/cdnoticias.com\/index.php\/wp-json\/wp\/v2\/tags?post=54633"}],"curies":[{"name":"wp","href":"https:\/\/api.w.org\/{rel}","templated":true}]}}